{"id":3362,"date":"2026-07-17T12:55:31","date_gmt":"2026-07-17T16:55:31","guid":{"rendered":"https:\/\/yogannmagazine.com\/17\/weyney-jeanlus-en-route-pour-miss-africa-golden-2026\/"},"modified":"2026-07-17T12:55:31","modified_gmt":"2026-07-17T16:55:31","slug":"weyney-jeanlus-en-route-pour-miss-africa-golden-2026","status":"publish","type":"post","link":"https:\/\/yogannmagazine.com\/ht\/17\/weyney-jeanlus-en-route-pour-miss-africa-golden-2026\/","title":{"rendered":"Weyney Jeanlus en route pour Miss Africa Golden 2026"},"content":{"rendered":"<p class=\"wp-block-paragraph\">Ha\u00efti s\u2019invite une nouvelle fois sur la sc\u00e8ne internationale de la beaut\u00e9 et de la culture. Weyney Jeanlus a \u00e9t\u00e9 officiellement d\u00e9sign\u00e9e pour repr\u00e9senter le pays \u00e0 la 9e \u00e9dition de Miss Africa Golden, un concours qui d\u00e9passe largement le simple cadre esth\u00e9tique pour devenir une v\u00e9ritable c\u00e9l\u00e9bration de l\u2019identit\u00e9 africaine et de sa diaspora.<\/p>\n\n\n\n<p class=\"wp-block-paragraph\">Pr\u00e9vue \u00e0 Accra, capitale du Ghana, cette \u00e9dition 2026 s\u2019annonce comme un rendez-vous majeur du calendrier culturel africain. Le concours r\u00e9unira des candidates venues de divers horizons, toutes porteuses d\u2019une histoire, d\u2019une vision et d\u2019un engagement. Miss Africa Golden (page officielle) met en avant une mission claire : valoriser l\u2019africanit\u00e9 dans toute sa richesse, \u00e0 travers la mode, la culture, l\u2019intelligence et l\u2019impact social.<\/p>\n\n\n\n<p class=\"wp-block-paragraph\">Selon les informations disponibles, l\u2019\u00e9v\u00e9nement se d\u00e9roulera entre fin octobre et d\u00e9but novembre 2026, avec une grande finale pr\u00e9vue d\u00e9but novembre dans la capitale ghan\u00e9enne . Une p\u00e9riode durant laquelle Accra deviendra le carrefour des cultures africaines et afro-descendantes.<\/p>\n\n\n\n<p class=\"wp-block-paragraph\">La participation de Weyney Jeanlus ne se limite pas \u00e0 une pr\u00e9sence symbolique. Elle incarne une nouvelle g\u00e9n\u00e9ration d\u2019ambassadrices ha\u00eftiennes qui revendiquent leur lien historique et culturel avec l\u2019Afrique. Dans un monde o\u00f9 les concours de beaut\u00e9 \u00e9voluent vers des plateformes d\u2019expression et d\u2019engagement, sa mission sera aussi de porter la voix d\u2019Ha\u00efti, son h\u00e9ritage, et sa vision du futur.<\/p>\n\n\n\n<p class=\"wp-block-paragraph\">\u00c0 travers cette repr\u00e9sentation, c\u2019est toute une narration qui se construit : celle d\u2019une \u00eele qui, malgr\u00e9 ses d\u00e9fis, continue de rayonner par sa culture, son \u00e9l\u00e9gance et sa r\u00e9silience. Sur la sc\u00e8ne de Miss Africa Golden, Ha\u00efti ne viendra pas simplement participer. Elle viendra raconter une histoire.<\/p>\n\n\n\n<p class=\"wp-block-paragraph\">Tous les regards seront d\u00e9sormais tourn\u00e9s vers Accra. Et pour Weyney Jeanlus, l\u2019aventure ne fait que commencer.<\/p>","protected":false},"excerpt":{"rendered":"<p>Weyney Jeanlus a \u00e9t\u00e9 officiellement d\u00e9sign\u00e9e pour repr\u00e9senter le pays \u00e0 la 9e \u00e9dition de Miss Africa Golden, un concours qui d\u00e9passe largement le simple cadre esth\u00e9tique pour devenir une v\u00e9ritable c\u00e9l\u00e9bration de l\u2019identit\u00e9 africaine et de sa diaspora.<\/p>","protected":false},"author":1,"featured_media":3361,"comment_status":"open","ping_status":"open","sticky":false,"template":"","format":"standard","meta":{"googlesitekit_rrm_CAowqciiDA:productID":"","_gspb_post_css":"","_uag_custom_page_level_css":"","_jetpack_newsletter_access":"","_jetpack_dont_email_post_to_subs":false,"_jetpack_newsletter_tier_id":0,"_jetpack_memberships_contains_paywalled_content":false,"_jetpack_feature_clip_id":0,"_jetpack_memberships_contains_paid_content":false,"footnotes":"","jetpack_publicize_message":"","jetpack_publicize_feature_enabled":true,"jetpack_social_post_already_shared":true,"jetpack_social_options":{"image_generator_settings":{"template":"highway","default_image_id":0,"font":"","enabled":false},"version":2},"jetpack_post_was_ever_published":false},"categories":[7,3,5,141],"tags":[],"class_list":["post-3362","post","type-post","status-publish","format-standard","has-post-thumbnail","hentry","category-actualites","category-culture","category-mode","category-people"],"jetpack_publicize_connections":[],"uagb_featured_image_src":{"full":["https:\/\/yogannmagazine.com\/wp-content\/uploads\/2026\/07\/img_6713.jpg",828,1025,false],"thumbnail":["https:\/\/yogannmagazine.com\/wp-content\/uploads\/2026\/07\/img_6713-150x150.jpg",150,150,true],"medium":["https:\/\/yogannmagazine.com\/wp-content\/uploads\/2026\/07\/img_6713-242x300.jpg",242,300,true],"medium_large":["https:\/\/yogannmagazine.com\/wp-content\/uploads\/2026\/07\/img_6713-768x951.jpg",768,951,true],"large":["https:\/\/yogannmagazine.com\/wp-content\/uploads\/2026\/07\/img_6713.jpg",827,1024,false],"1536x1536":["https:\/\/yogannmagazine.com\/wp-content\/uploads\/2026\/07\/img_6713.jpg",828,1025,false],"2048x2048":["https:\/\/yogannmagazine.com\/wp-content\/uploads\/2026\/07\/img_6713.jpg",828,1025,false],"trp-custom-language-flag":["https:\/\/yogannmagazine.com\/wp-content\/uploads\/2026\/07\/img_6713-10x12.jpg",10,12,true]},"uagb_author_info":{"display_name":"Jouvens Guelord","author_link":"https:\/\/yogannmagazine.com\/ht\/author\/yogannmag\/"},"uagb_comment_info":0,"uagb_excerpt":"Weyney Jeanlus a \u00e9t\u00e9 officiellement d\u00e9sign\u00e9e pour repr\u00e9senter le pays \u00e0 la 9e \u00e9dition de Miss Africa Golden, un concours qui d\u00e9passe largement le simple cadre esth\u00e9tique pour devenir une v\u00e9ritable c\u00e9l\u00e9bration de l\u2019identit\u00e9 africaine et de sa diaspora.","jetpack_sharing_enabled":true,"jetpack-related-posts":[{"id":3099,"url":"https:\/\/yogannmagazine.com\/ht\/29\/miss-world-haiti-2026-devoile-ses-11-finalistes\/","url_meta":{"origin":3362,"position":0},"title":"Miss World Ha\u00efti 2026 d\u00e9voile ses 11 finalistes","author":"Sketchy Figaro","date":"May 29, 2026","format":false,"excerpt":"L\u2019organisation de Miss World Ha\u00efti a officiellement pr\u00e9sent\u00e9, ce jeudi 28 mai, les 11 finalistes de l\u2019\u00e9dition 2026. Ces jeunes femmes auront pour mission de concourir pour l\u2019un des titres les plus convoit\u00e9s du pays et tenteront de repr\u00e9senter Ha\u00efti \u00e0 Miss World International .","rel":"","context":"In &quot;CULTURE&quot;","block_context":{"text":"CULTURE","link":"https:\/\/yogannmagazine.com\/ht\/category\/culture\/"},"img":{"alt_text":"","src":"https:\/\/i0.wp.com\/yogannmagazine.com\/wp-content\/uploads\/2026\/05\/2b9afd9a-3612-43b4-bed7-e8866d8b3aff-1.jpg?resize=350%2C200&ssl=1","width":350,"height":200,"srcset":"https:\/\/i0.wp.com\/yogannmagazine.com\/wp-content\/uploads\/2026\/05\/2b9afd9a-3612-43b4-bed7-e8866d8b3aff-1.jpg?resize=350%2C200&ssl=1 1x, https:\/\/i0.wp.com\/yogannmagazine.com\/wp-content\/uploads\/2026\/05\/2b9afd9a-3612-43b4-bed7-e8866d8b3aff-1.jpg?resize=525%2C300&ssl=1 1.5x, https:\/\/i0.wp.com\/yogannmagazine.com\/wp-content\/uploads\/2026\/05\/2b9afd9a-3612-43b4-bed7-e8866d8b3aff-1.jpg?resize=700%2C400&ssl=1 2x"},"classes":[]},{"id":2721,"url":"https:\/\/yogannmagazine.com\/ht\/19\/communique-publie-puis-efface-la-mairie-de-leogane-entretient-la-confusion-autour-du-rara-2026\/","url_meta":{"origin":3362,"position":1},"title":"Communiqu\u00e9 publi\u00e9 puis effac\u00e9 : la mairie de L\u00e9og\u00e2ne entretient la confusion autour du Rara 2026","author":"Jouvens Guelord","date":"February 19, 2026","format":false,"excerpt":"Dans un contexte d\u00e9j\u00e0 fragile, effacer un communiqu\u00e9 officiel n\u2019est pas un d\u00e9tail. Cela alimente la m\u00e9fiance. Cela donne l\u2019impression d\u2019une d\u00e9cision improvis\u00e9e ou mal pr\u00e9par\u00e9e. Une institution publique ne communique pas pour ensuite faire marche arri\u00e8re en quelques minutes sans explication.","rel":"","context":"In &quot;Actualit\u00e9s&quot;","block_context":{"text":"Actualit\u00e9s","link":"https:\/\/yogannmagazine.com\/ht\/category\/actualites\/"},"img":{"alt_text":"","src":"https:\/\/i0.wp.com\/yogannmagazine.com\/wp-content\/uploads\/2026\/02\/img_3752.jpg?fit=922%2C1200&ssl=1&resize=350%2C200","width":350,"height":200,"srcset":"https:\/\/i0.wp.com\/yogannmagazine.com\/wp-content\/uploads\/2026\/02\/img_3752.jpg?fit=922%2C1200&ssl=1&resize=350%2C200 1x, https:\/\/i0.wp.com\/yogannmagazine.com\/wp-content\/uploads\/2026\/02\/img_3752.jpg?fit=922%2C1200&ssl=1&resize=525%2C300 1.5x, https:\/\/i0.wp.com\/yogannmagazine.com\/wp-content\/uploads\/2026\/02\/img_3752.jpg?fit=922%2C1200&ssl=1&resize=700%2C400 2x"},"classes":[]},{"id":2415,"url":"https:\/\/yogannmagazine.com\/ht\/14\/haiti-le-nif-remplace-par-le-ninu-pour-les-demandes-de-passeport\/","url_meta":{"origin":3362,"position":2},"title":"Ha\u00efti : le NIF remplac\u00e9 par le NINU pour les demandes de passeport","author":"Jouvens Guelord","date":"January 14, 2026","format":false,"excerpt":"Le Minist\u00e8re de l\u2019Int\u00e9rieur et des Collectivit\u00e9s Territoriales, \u00e0 travers la Direction de l\u2019Immigration et de l\u2019\u00c9migration (DIE), a publi\u00e9 un avis officiel annon\u00e7ant un changement important dans la proc\u00e9dure de demande de passeport en Ha\u00efti. D\u00e9sormais, le Num\u00e9ro d\u2019Identification Fiscale (NIF) est remplac\u00e9 par le Num\u00e9ro d\u2019Identification Nationale Unique\u2026","rel":"","context":"In &quot;Actualit\u00e9s&quot;","block_context":{"text":"Actualit\u00e9s","link":"https:\/\/yogannmagazine.com\/ht\/category\/actualites\/"},"img":{"alt_text":"","src":"https:\/\/i0.wp.com\/yogannmagazine.com\/wp-content\/uploads\/2026\/01\/img_2685.jpg?resize=350%2C200&ssl=1","width":350,"height":200,"srcset":"https:\/\/i0.wp.com\/yogannmagazine.com\/wp-content\/uploads\/2026\/01\/img_2685.jpg?resize=350%2C200&ssl=1 1x, https:\/\/i0.wp.com\/yogannmagazine.com\/wp-content\/uploads\/2026\/01\/img_2685.jpg?resize=525%2C300&ssl=1 1.5x"},"classes":[]},{"id":330,"url":"https:\/\/yogannmagazine.com\/ht\/21\/bchic-collection-illumine-new-york-fashion-week-avec-gold-flowers\/","url_meta":{"origin":3362,"position":3},"title":"BChic Collection illumine New York Fashion Week avec \u201cGold Flowers\u201d","author":"Jouvens Guelord","date":"September 21, 2025","format":false,"excerpt":"\u00c0 Gotham Hall, au c\u0153ur de Manhattan, Samedi 13 septembre 2024 restera une date m\u00e9morable pour la mode ha\u00eftienne. Bchik Couture a marqu\u00e9 les esprits lors de la New York Fashion Week en d\u00e9voilant sa nouvelle collection baptis\u00e9e \u201cGolden Flowers\u201d.","rel":"","context":"In &quot;CULTURE&quot;","block_context":{"text":"CULTURE","link":"https:\/\/yogannmagazine.com\/ht\/category\/culture\/"},"img":{"alt_text":"","src":"https:\/\/i0.wp.com\/yogannmagazine.com\/wp-content\/uploads\/2025\/10\/83f9042f-ca27-4376-ac2b-6f79a307c0de.jpg?resize=350%2C200&ssl=1","width":350,"height":200,"srcset":"https:\/\/i0.wp.com\/yogannmagazine.com\/wp-content\/uploads\/2025\/10\/83f9042f-ca27-4376-ac2b-6f79a307c0de.jpg?resize=350%2C200&ssl=1 1x, https:\/\/i0.wp.com\/yogannmagazine.com\/wp-content\/uploads\/2025\/10\/83f9042f-ca27-4376-ac2b-6f79a307c0de.jpg?resize=525%2C300&ssl=1 1.5x, https:\/\/i0.wp.com\/yogannmagazine.com\/wp-content\/uploads\/2025\/10\/83f9042f-ca27-4376-ac2b-6f79a307c0de.jpg?resize=700%2C400&ssl=1 2x"},"classes":[]},{"id":2520,"url":"https:\/\/yogannmagazine.com\/ht\/26\/get-manmanw-ayiiti-et-la-force-dune-parole-feminine-qui-rompt-sans-sexcuser\/","url_meta":{"origin":3362,"position":4},"title":"\u00ab G\u00e8t manman\u2019w \u00bb : Ayiiti et la force d\u2019une parole f\u00e9minine qui rompt sans s\u2019excuser","author":"Steeve Preval","date":"January 26, 2026","format":false,"excerpt":"Ayiiti a d\u00e9voil\u00e9 ce jeudi 23 janvier 2026 le clip officiel de son nouveau titre \u00ab G\u00e8t manman\u2019w \u00bb, un morceau qui ne laisse gu\u00e8re indiff\u00e9rent. En l\u2019espace de 48 heures, la vid\u00e9o a d\u00e9pass\u00e9 les 5 500 vues sur YouTube, tandis que ses extraits courts totalisent d\u00e9j\u00e0 plusieurs millions\u2026","rel":"","context":"In &quot;People&quot;","block_context":{"text":"People","link":"https:\/\/yogannmagazine.com\/ht\/category\/culture\/people\/"},"img":{"alt_text":"","src":"https:\/\/i0.wp.com\/yogannmagazine.com\/wp-content\/uploads\/2026\/01\/acbe3cb5-bd67-4b5a-b0d2-a618cd7e2e55.jpg?resize=350%2C200&ssl=1","width":350,"height":200,"srcset":"https:\/\/i0.wp.com\/yogannmagazine.com\/wp-content\/uploads\/2026\/01\/acbe3cb5-bd67-4b5a-b0d2-a618cd7e2e55.jpg?resize=350%2C200&ssl=1 1x, https:\/\/i0.wp.com\/yogannmagazine.com\/wp-content\/uploads\/2026\/01\/acbe3cb5-bd67-4b5a-b0d2-a618cd7e2e55.jpg?resize=525%2C300&ssl=1 1.5x"},"classes":[]},{"id":3360,"url":"https:\/\/yogannmagazine.com\/ht\/17\/marie-eunide-yolandyna-telus-la-nouvelle-signature-mode-de-leogane\/","url_meta":{"origin":3362,"position":5},"title":"Marie Eunide Yolandyna T\u00e9lus, la nouvelle signature mode de L\u00e9og\u00e2ne\u201d","author":"Toussaint Camyto","date":"July 17, 2026","format":false,"excerpt":"Passionn\u00e9e par la mode depuis son plus jeune \u00e2ge, elle fait \u00e9galement ses premiers pas dans l'univers du mannequinat en collaborant avec la marque Leriche.\u2028Cette exp\u00e9rience lui permet de mieux comprendre les tendances, les attentes des clients et l'importance de l'\u00e9l\u00e9gance dans l'expression de soi.","rel":"","context":"In &quot;CULTURE&quot;","block_context":{"text":"CULTURE","link":"https:\/\/yogannmagazine.com\/ht\/category\/culture\/"},"img":{"alt_text":"","src":"https:\/\/i0.wp.com\/yogannmagazine.com\/wp-content\/uploads\/2026\/07\/fad0d324-b41d-4605-b5cd-449a40980289.jpg?fit=960%2C1200&ssl=1&resize=350%2C200","width":350,"height":200,"srcset":"https:\/\/i0.wp.com\/yogannmagazine.com\/wp-content\/uploads\/2026\/07\/fad0d324-b41d-4605-b5cd-449a40980289.jpg?fit=960%2C1200&ssl=1&resize=350%2C200 1x, https:\/\/i0.wp.com\/yogannmagazine.com\/wp-content\/uploads\/2026\/07\/fad0d324-b41d-4605-b5cd-449a40980289.jpg?fit=960%2C1200&ssl=1&resize=525%2C300 1.5x, https:\/\/i0.wp.com\/yogannmagazine.com\/wp-content\/uploads\/2026\/07\/fad0d324-b41d-4605-b5cd-449a40980289.jpg?fit=960%2C1200&ssl=1&resize=700%2C400 2x"},"classes":[]}],"jetpack_shortlink":"https:\/\/wp.me\/pcBeFB-Se","brizy_media":[],"jetpack_featured_media_url":"https:\/\/yogannmagazine.com\/wp-content\/uploads\/2026\/07\/img_6713.jpg","_links":{"self":[{"href":"https:\/\/yogannmagazine.com\/ht\/wp-json\/wp\/v2\/posts\/3362","targetHints":{"allow":["GET"]}}],"collection":[{"href":"https:\/\/yogannmagazine.com\/ht\/wp-json\/wp\/v2\/posts"}],"about":[{"href":"https:\/\/yogannmagazine.com\/ht\/wp-json\/wp\/v2\/types\/post"}],"author":[{"embeddable":true,"href":"https:\/\/yogannmagazine.com\/ht\/wp-json\/wp\/v2\/users\/1"}],"replies":[{"embeddable":true,"href":"https:\/\/yogannmagazine.com\/ht\/wp-json\/wp\/v2\/comments?post=3362"}],"version-history":[{"count":0,"href":"https:\/\/yogannmagazine.com\/ht\/wp-json\/wp\/v2\/posts\/3362\/revisions"}],"wp:featuredmedia":[{"embeddable":true,"href":"https:\/\/yogannmagazine.com\/ht\/wp-json\/wp\/v2\/media\/3361"}],"wp:attachment":[{"href":"https:\/\/yogannmagazine.com\/ht\/wp-json\/wp\/v2\/media?parent=3362"}],"wp:term":[{"taxonomy":"category","embeddable":true,"href":"https:\/\/yogannmagazine.com\/ht\/wp-json\/wp\/v2\/categories?post=3362"},{"taxonomy":"post_tag","embeddable":true,"href":"https:\/\/yogannmagazine.com\/ht\/wp-json\/wp\/v2\/tags?post=3362"}],"curies":[{"name":"wp","href":"https:\/\/api.w.org\/{rel}","templated":true}]}}