{"id":2985,"date":"2026-04-25T08:47:33","date_gmt":"2026-04-25T12:47:33","guid":{"rendered":"https:\/\/yogannmagazine.com\/25\/les-cayes-le-jardin-botanique-en-train-de-disparaitre-un-patrimoine-en-peril\/"},"modified":"2026-04-25T08:47:33","modified_gmt":"2026-04-25T12:47:33","slug":"les-cayes-le-jardin-botanique-en-train-de-disparaitre-un-patrimoine-en-peril","status":"publish","type":"post","link":"https:\/\/yogannmagazine.com\/ht\/25\/les-cayes-le-jardin-botanique-en-train-de-disparaitre-un-patrimoine-en-peril\/","title":{"rendered":"Les Cayes : le jardin botanique en train de dispara\u00eetre, un patrimoine en p\u00e9ril"},"content":{"rendered":"<p class=\"wp-block-paragraph\">Au c\u0153ur de la ville des Les Cayes, un espace unique autrefois consid\u00e9r\u00e9 comme un havre de paix et de savoir est aujourd\u2019hui en train de sombrer dans l\u2019oubli, voire dans la disparition totale. Le Jardin botanique des Cayes, situ\u00e9 \u00e0 Bergeau, n\u2019est plus ce sanctuaire verdoyant qui attirait chercheurs, \u00e9tudiants et amoureux de la nature. Il incarne d\u00e9sormais une crise environnementale silencieuse mais profonde.<\/p>\n\n\n\n<p class=\"wp-block-paragraph\">Un joyau \u00e9cologique menac\u00e9<\/p>\n\n\n\n<p class=\"wp-block-paragraph\">Pendant plus de deux d\u00e9cennies, ce jardin botanique a jou\u00e9 un r\u00f4le crucial dans la conservation de la biodiversit\u00e9 ha\u00eftienne. Il abritait environ 500 esp\u00e8ces de plantes, dont des vari\u00e9t\u00e9s end\u00e9miques et rares, r\u00e9parties entre zones \u00e9cologiques, m\u00e9dicinales et conservatoires. \ufffc<\/p>\n\n\n\n<p class=\"wp-block-paragraph\">Au-del\u00e0 de sa beaut\u00e9, le site remplissait une mission scientifique essentielle : identifier des plantes m\u00e9dicinales, pr\u00e9server des esp\u00e8ces menac\u00e9es et contribuer \u00e0 la s\u00e9curit\u00e9 alimentaire du pays. \ufffc<\/p>\n\n\n\n<p class=\"wp-block-paragraph\">C\u2019\u00e9tait un v\u00e9ritable laboratoire \u00e0 ciel ouvert, un outil d\u2019\u00e9ducation environnementale et un symbole d\u2019espoir dans un pays fortement touch\u00e9 par la d\u00e9gradation \u00e9cologique.<\/p>\n\n\n\n<p class=\"wp-block-paragraph\">Une disparition progressive\u2026 puis brutale<\/p>\n\n\n\n<p class=\"wp-block-paragraph\">Depuis plusieurs ann\u00e9es, le jardin faisait face \u00e0 de nombreuses menaces : conflits fonciers, manque de soutien institutionnel et absence d\u2019infrastructures adapt\u00e9es. \ufffc<\/p>\n\n\n\n<p class=\"wp-block-paragraph\">Mais r\u00e9cemment, la situation a pris une tournure dramatique. Un incendie a ravag\u00e9 le site, r\u00e9duisant en cendres des ann\u00e9es de travail et une grande partie de sa richesse \u00e9cologique. \ufffc<\/p>\n\n\n\n<p class=\"wp-block-paragraph\">En quelques heures, ce qui repr\u00e9sentait plus de vingt ans d\u2019efforts a \u00e9t\u00e9 d\u00e9truit, laissant derri\u00e8re lui un terrain d\u00e9vast\u00e9 et un vide immense dans le paysage environnemental ha\u00eftien.<\/p>\n\n\n\n<p class=\"wp-block-paragraph\">Une perte pour la science et la m\u00e9moire collective<\/p>\n\n\n\n<p class=\"wp-block-paragraph\">La disparition du Jardin botanique des Cayes ne se limite pas \u00e0 la perte d\u2019un espace vert. Elle repr\u00e9sente un recul majeur pour la recherche scientifique en Ha\u00efti et pour la transmission des savoirs li\u00e9s aux plantes.<\/p>\n\n\n\n<p class=\"wp-block-paragraph\">Certaines esp\u00e8ces conserv\u00e9es dans ce jardin \u00e9taient uniques ou en voie d\u2019extinction. Leur disparition pourrait \u00eatre irr\u00e9versible. <\/p>\n\n\n\n<p class=\"wp-block-paragraph\">Ce lieu \u00e9tait aussi un espace \u00e9ducatif pour les jeunes g\u00e9n\u00e9rations, un point de rencontre entre science, culture et nature. Sa disparition pose une question fondamentale : quelle place accorde-t-on \u00e0 la protection de l\u2019environnement en Ha\u00efti ?<\/p>\n\n\n\n<p class=\"wp-block-paragraph\">Entre indignation et appel \u00e0 l\u2019action<\/p>\n\n\n\n<p class=\"wp-block-paragraph\">Face \u00e0 cette situation, des voix s\u2019\u00e9l\u00e8vent dans la soci\u00e9t\u00e9 civile et le milieu scientifique pour appeler \u00e0 une mobilisation nationale. Le mot d\u2019ordre est clair : sauver ce qui peut encore l\u2019\u00eatre et envisager une reconstruction.<\/p>\n\n\n\n<p class=\"wp-block-paragraph\">Des propositions \u00e9mergent, notamment la cr\u00e9ation d\u2019un comit\u00e9 regroupant institutions publiques, universit\u00e9s et secteur priv\u00e9, afin de prot\u00e9ger les esp\u00e8ces restantes et relancer le projet sur des bases solides. \ufffc<\/p>\n\n\n\n<p class=\"wp-block-paragraph\">Une urgence nationale<\/p>\n\n\n\n<p class=\"wp-block-paragraph\">Le cas du Jardin botanique des Cayes est r\u00e9v\u00e9lateur d\u2019un probl\u00e8me plus large : l\u2019abandon progressif des infrastructures environnementales en Ha\u00efti.<\/p>\n\n\n\n<p class=\"wp-block-paragraph\">Si rien n\u2019est fait, ce site risque de dispara\u00eetre d\u00e9finitivement, emportant avec lui une partie pr\u00e9cieuse du patrimoine naturel du pays.<\/p>\n\n\n\n<p class=\"wp-block-paragraph\">Car prot\u00e9ger un jardin botanique, ce n\u2019est pas seulement pr\u00e9server des plantes. C\u2019est d\u00e9fendre la vie, la m\u00e9moire et l\u2019avenir.<\/p>","protected":false},"excerpt":{"rendered":"<p>La disparition du Jardin botanique des Cayes ne se limite pas \u00e0 la perte d\u2019un espace vert. Elle repr\u00e9sente un recul majeur pour la recherche scientifique en Ha\u00efti et pour la transmission des savoirs li\u00e9s aux plantes.<\/p>\n<p>Certaines esp\u00e8ces conserv\u00e9es dans ce jardin \u00e9taient uniques ou en voie d\u2019extinction. Leur disparition pourrait \u00eatre irr\u00e9versible. <\/p>","protected":false},"author":1,"featured_media":2984,"comment_status":"open","ping_status":"open","sticky":false,"template":"","format":"standard","meta":{"googlesitekit_rrm_CAowqciiDA:productID":"","_gspb_post_css":"","_crdt_document":"","_uag_custom_page_level_css":"","jetpack_post_was_ever_published":false,"_jetpack_newsletter_access":"","_jetpack_dont_email_post_to_subs":false,"_jetpack_newsletter_tier_id":0,"_jetpack_memberships_contains_paywalled_content":false,"_jetpack_memberships_contains_paid_content":false,"footnotes":"","jetpack_publicize_message":"Les Cayes : le jardin botanique en train de dispara\u00eetre, un patrimoine en p\u00e9ril\n\nLa disparition du Jardin botanique des Cayes ne se limite pas \u00e0 la perte d\u2019un espace vert. Elle repr\u00e9sente un recul majeur pour la recherche scientifique en Ha\u00efti et pour la transmission des savoirs li\u00e9s aux plantes.\n\nCertaines esp\u00e8ces conserv\u00e9es dans ce jardin \u00e9taient uniques ou en voie d\u2019extinction. Leur disparition pourrait \u00eatre irr\u00e9versible. ","jetpack_publicize_feature_enabled":true,"jetpack_social_post_already_shared":true,"jetpack_social_options":{"image_generator_settings":{"template":"highway","default_image_id":0,"font":"","enabled":false},"version":2}},"categories":[7,105,14,16],"tags":[269,270],"class_list":["post-2985","post","type-post","status-publish","format-standard","has-post-thumbnail","hentry","category-actualites","category-agriculture","category-national","category-securite","tag-jardin-botanique","tag-les-cayes-haiti"],"jetpack_publicize_connections":[],"jetpack_featured_media_url":"https:\/\/yogannmagazine.com\/wp-content\/uploads\/2026\/04\/untitled-1.jpg","uagb_featured_image_src":{"full":["https:\/\/yogannmagazine.com\/wp-content\/uploads\/2026\/04\/untitled-1.jpg",2000,2000,false],"thumbnail":["https:\/\/yogannmagazine.com\/wp-content\/uploads\/2026\/04\/untitled-1-150x150.jpg",150,150,true],"medium":["https:\/\/yogannmagazine.com\/wp-content\/uploads\/2026\/04\/untitled-1-300x300.jpg",300,300,true],"medium_large":["https:\/\/yogannmagazine.com\/wp-content\/uploads\/2026\/04\/untitled-1-768x768.jpg",768,768,true],"large":["https:\/\/yogannmagazine.com\/wp-content\/uploads\/2026\/04\/untitled-1-1024x1024.jpg",1024,1024,true],"1536x1536":["https:\/\/yogannmagazine.com\/wp-content\/uploads\/2026\/04\/untitled-1-1536x1536.jpg",1536,1536,true],"2048x2048":["https:\/\/yogannmagazine.com\/wp-content\/uploads\/2026\/04\/untitled-1.jpg",2000,2000,false],"trp-custom-language-flag":["https:\/\/yogannmagazine.com\/wp-content\/uploads\/2026\/04\/untitled-1-12x12.jpg",12,12,true]},"uagb_author_info":{"display_name":"Jouvens Guelord","author_link":"https:\/\/yogannmagazine.com\/ht\/author\/yogannmag\/"},"uagb_comment_info":0,"uagb_excerpt":"La disparition du Jardin botanique des Cayes ne se limite pas \u00e0 la perte d\u2019un espace vert. Elle repr\u00e9sente un recul majeur pour la recherche scientifique en Ha\u00efti et pour la transmission des savoirs li\u00e9s aux plantes. Certaines esp\u00e8ces conserv\u00e9es dans ce jardin \u00e9taient uniques ou en voie d\u2019extinction. Leur disparition pourrait \u00eatre irr\u00e9versible.","jetpack_sharing_enabled":true,"jetpack-related-posts":[{"id":2752,"url":"https:\/\/yogannmagazine.com\/ht\/26\/rodkiz-academie-signe-un-triple-historique-aux-cayes-open-kizomba-competition-1-0\/","url_meta":{"origin":2985,"position":0},"title":"Rod\u2019Kiz Acad\u00e9mie signe un tripl\u00e9 historique aux Cayes Open Kizomba Competition 1.0","author":"Jouvens Guelord","date":"February 26, 2026","format":false,"excerpt":"Ce 21 f\u00e9vrier 2026, la ville de L\u00e9og\u00e2ne s\u2019est distingu\u00e9e avec \u00e9clat lors de la comp\u00e9tition nationale Les Cayes Open Kizomba Competition 1.0, organis\u00e9e aux Les Cayes. Trois danseurs issus de Rod\u2019Kiz Acad\u00e9mie ont remport\u00e9 chacun la premi\u00e8re place dans leur cat\u00e9gorie respective, r\u00e9alisant ainsi un tripl\u00e9 remarquable.","rel":"","context":"In &quot;Danse&quot;","block_context":{"text":"Danse","link":"https:\/\/yogannmagazine.com\/ht\/category\/culture\/musique\/danse\/"},"img":{"alt_text":"","src":"https:\/\/i0.wp.com\/yogannmagazine.com\/wp-content\/uploads\/2026\/02\/img_3873.jpg?fit=1200%2C900&ssl=1&resize=350%2C200","width":350,"height":200,"srcset":"https:\/\/i0.wp.com\/yogannmagazine.com\/wp-content\/uploads\/2026\/02\/img_3873.jpg?fit=1200%2C900&ssl=1&resize=350%2C200 1x, https:\/\/i0.wp.com\/yogannmagazine.com\/wp-content\/uploads\/2026\/02\/img_3873.jpg?fit=1200%2C900&ssl=1&resize=525%2C300 1.5x, https:\/\/i0.wp.com\/yogannmagazine.com\/wp-content\/uploads\/2026\/02\/img_3873.jpg?fit=1200%2C900&ssl=1&resize=700%2C400 2x, https:\/\/i0.wp.com\/yogannmagazine.com\/wp-content\/uploads\/2026\/02\/img_3873.jpg?fit=1200%2C900&ssl=1&resize=1050%2C600 3x"},"classes":[]},{"id":298,"url":"https:\/\/yogannmagazine.com\/ht\/27\/de-ma-plume-a-ton-coeur-de-cleeswood-remy-une-celebration-de-lart-et-des-mots\/","url_meta":{"origin":2985,"position":1},"title":"&#8220;De ma plume \u00e0 ton c\u0153ur&#8221; de Cleeswood Remy : Une C\u00e9l\u00e9bration de l&#8217;Art et des Mots","author":"Jouvens Guelord","date":"October 27, 2024","format":false,"excerpt":"Le 24 novembre prochain marquera un moment sp\u00e9cial dans la vie culturelle de L\u00e9og\u00e2ne, alors que l'auteur Cleeswood Remy, originaire de Gressier, un jeune sportif, administrateur , r\u00e9dacteur et entrepreneur, d\u00e9voilera son tout premier recueil de po\u00e9sie, intitul\u00e9 \"De ma plume \u00e0 ton c\u0153ur\". Ce lancement aura lieu \u00e0 la\u2026","rel":"","context":"In &quot;Litt\u00e9rature&quot;","block_context":{"text":"Litt\u00e9rature","link":"https:\/\/yogannmagazine.com\/ht\/category\/culture\/litterature\/"},"img":{"alt_text":"","src":"https:\/\/i0.wp.com\/yogannmagazine.com\/wp-content\/uploads\/2025\/11\/989d7440-0bcd-467e-a933-ce6dc9c8278f.jpg?fit=1200%2C900&ssl=1&resize=350%2C200","width":350,"height":200,"srcset":"https:\/\/i0.wp.com\/yogannmagazine.com\/wp-content\/uploads\/2025\/11\/989d7440-0bcd-467e-a933-ce6dc9c8278f.jpg?fit=1200%2C900&ssl=1&resize=350%2C200 1x, https:\/\/i0.wp.com\/yogannmagazine.com\/wp-content\/uploads\/2025\/11\/989d7440-0bcd-467e-a933-ce6dc9c8278f.jpg?fit=1200%2C900&ssl=1&resize=525%2C300 1.5x, https:\/\/i0.wp.com\/yogannmagazine.com\/wp-content\/uploads\/2025\/11\/989d7440-0bcd-467e-a933-ce6dc9c8278f.jpg?fit=1200%2C900&ssl=1&resize=700%2C400 2x, https:\/\/i0.wp.com\/yogannmagazine.com\/wp-content\/uploads\/2025\/11\/989d7440-0bcd-467e-a933-ce6dc9c8278f.jpg?fit=1200%2C900&ssl=1&resize=1050%2C600 3x"},"classes":[]},{"id":2511,"url":"https:\/\/yogannmagazine.com\/ht\/25\/haiti-quand-le-feu-ravage-le-marche-du-cap-haitien-cest-toute-une-economie-populaire-qui-vacille\/","url_meta":{"origin":2985,"position":2},"title":"Ha\u00efti : quand le feu ravage le march\u00e9 du Cap-Ha\u00eftien, c\u2019est toute une \u00e9conomie populaire qui vacille","author":"Alexandre Jackson","date":"January 25, 2026","format":false,"excerpt":"Des flammes visibles \u00e0 plusieurs kilom\u00e8tres, des cris, des courses d\u00e9sesp\u00e9r\u00e9es pour sauver quelques marchandises, et au petit matin, un paysage de d\u00e9solation : \u00e9tals calcin\u00e9s, stocks r\u00e9duits en cendres, r\u00eaves an\u00e9antis. Pour des centaines de marchands et de marchandes, souvent chefs de famille, l\u2019incendie ne repr\u00e9sente pas seulement une\u2026","rel":"","context":"In &quot;Actualit\u00e9s&quot;","block_context":{"text":"Actualit\u00e9s","link":"https:\/\/yogannmagazine.com\/ht\/category\/actualites\/"},"img":{"alt_text":"","src":"https:\/\/i0.wp.com\/yogannmagazine.com\/wp-content\/uploads\/2026\/01\/img_2945.jpg?fit=1200%2C900&ssl=1&resize=350%2C200","width":350,"height":200,"srcset":"https:\/\/i0.wp.com\/yogannmagazine.com\/wp-content\/uploads\/2026\/01\/img_2945.jpg?fit=1200%2C900&ssl=1&resize=350%2C200 1x, https:\/\/i0.wp.com\/yogannmagazine.com\/wp-content\/uploads\/2026\/01\/img_2945.jpg?fit=1200%2C900&ssl=1&resize=525%2C300 1.5x, https:\/\/i0.wp.com\/yogannmagazine.com\/wp-content\/uploads\/2026\/01\/img_2945.jpg?fit=1200%2C900&ssl=1&resize=700%2C400 2x, https:\/\/i0.wp.com\/yogannmagazine.com\/wp-content\/uploads\/2026\/01\/img_2945.jpg?fit=1200%2C900&ssl=1&resize=1050%2C600 3x"},"classes":[]},{"id":136,"url":"https:\/\/yogannmagazine.com\/ht\/09\/quand-le-rara-devient-un-terrain-delicat-pour-les-jeunes-filles-reflexion-sur-la-danse-dans-notre-culture\/","url_meta":{"origin":2985,"position":3},"title":"&#8220;Quand le RARA Devient un Terrain D\u00e9licat pour les Jeunes Filles : R\u00e9flexion sur la Danse dans Notre Culture&#8221;","author":"Jouvens Guelord","date":"March 9, 2024","format":false,"excerpt":"Dans une p\u00e9riode o\u00f9 le RARA \u00e9merge en tant qu'\u00e9v\u00e9nement culturel majeur en Ha\u00efti, il est essentiel de r\u00e9fl\u00e9chir sur les interactions et les ressources au sein de ce cadre, surtout en ce qui concerne les jeunes filles. Au-del\u00e0 de l'importance d'inclure les jeunes filles dans ces espaces, c'est un\u2026","rel":"","context":"In &quot;Rara&quot;","block_context":{"text":"Rara","link":"https:\/\/yogannmagazine.com\/ht\/category\/culture\/rara\/"},"img":{"alt_text":"","src":"","width":0,"height":0},"classes":[]},{"id":2585,"url":"https:\/\/yogannmagazine.com\/ht\/04\/remouleurs-dhaiti-survivre-a-force-de-lames\/","url_meta":{"origin":2985,"position":4},"title":"R\u00e9mouleurs d\u2019Ha\u00efti : survivre \u00e0 force de lames","author":"Jane Bendjine Achille","date":"February 4, 2026","format":false,"excerpt":"Un petit banc en bois, parfois bricol\u00e9 avec des restes de planches, une pierre \u00e0 aiguiser us\u00e9e par le temps, un seau d\u2019eau pour humidifier la lame, et une main experte fa\u00e7onn\u00e9e par des ann\u00e9es de pratique. Pourtant, avec ces outils simples, ils rendent un service essentiel \u00e0 la communaut\u00e9\u2026","rel":"","context":"In &quot;People&quot;","block_context":{"text":"People","link":"https:\/\/yogannmagazine.com\/ht\/category\/culture\/people\/"},"img":{"alt_text":"","src":"https:\/\/i0.wp.com\/yogannmagazine.com\/wp-content\/uploads\/2026\/02\/img_3162.jpg?resize=350%2C200&ssl=1","width":350,"height":200},"classes":[]},{"id":367,"url":"https:\/\/yogannmagazine.com\/ht\/18\/pourquoi-des-dreadlocks\/","url_meta":{"origin":2985,"position":5},"title":"POURQUOI DES DREADLOCKS","author":"Jouvens Guelord","date":"December 18, 2024","format":false,"excerpt":"Les dreadlocks, autrefois symboles de marginalisation et de stigmatisation sociale en Ha\u00efti, sont devenues aujourd'hui une expression culturelle et esth\u00e9tique largement adopt\u00e9e par la jeunesse. Longtemps associ\u00e9es \u00e0 des st\u00e9r\u00e9otypes n\u00e9gatifs, notamment celui du \"chim\u00e8\", les dreadlocks portaient le poids d\u2019un jugement social souvent li\u00e9 \u00e0 la criminalit\u00e9 ou \u00e0\u2026","rel":"","context":"In &quot;CULTURE&quot;","block_context":{"text":"CULTURE","link":"https:\/\/yogannmagazine.com\/ht\/category\/culture\/"},"img":{"alt_text":"","src":"https:\/\/i0.wp.com\/yogannmagazine.com\/wp-content\/uploads\/2025\/11\/img_0450.jpg?resize=350%2C200&ssl=1","width":350,"height":200,"srcset":"https:\/\/i0.wp.com\/yogannmagazine.com\/wp-content\/uploads\/2025\/11\/img_0450.jpg?resize=350%2C200&ssl=1 1x, https:\/\/i0.wp.com\/yogannmagazine.com\/wp-content\/uploads\/2025\/11\/img_0450.jpg?resize=525%2C300&ssl=1 1.5x, https:\/\/i0.wp.com\/yogannmagazine.com\/wp-content\/uploads\/2025\/11\/img_0450.jpg?resize=700%2C400&ssl=1 2x"},"classes":[]}],"jetpack_shortlink":"https:\/\/wp.me\/pcBeFB-M9","brizy_media":[],"_links":{"self":[{"href":"https:\/\/yogannmagazine.com\/ht\/wp-json\/wp\/v2\/posts\/2985","targetHints":{"allow":["GET"]}}],"collection":[{"href":"https:\/\/yogannmagazine.com\/ht\/wp-json\/wp\/v2\/posts"}],"about":[{"href":"https:\/\/yogannmagazine.com\/ht\/wp-json\/wp\/v2\/types\/post"}],"author":[{"embeddable":true,"href":"https:\/\/yogannmagazine.com\/ht\/wp-json\/wp\/v2\/users\/1"}],"replies":[{"embeddable":true,"href":"https:\/\/yogannmagazine.com\/ht\/wp-json\/wp\/v2\/comments?post=2985"}],"version-history":[{"count":0,"href":"https:\/\/yogannmagazine.com\/ht\/wp-json\/wp\/v2\/posts\/2985\/revisions"}],"wp:featuredmedia":[{"embeddable":true,"href":"https:\/\/yogannmagazine.com\/ht\/wp-json\/wp\/v2\/media\/2984"}],"wp:attachment":[{"href":"https:\/\/yogannmagazine.com\/ht\/wp-json\/wp\/v2\/media?parent=2985"}],"wp:term":[{"taxonomy":"category","embeddable":true,"href":"https:\/\/yogannmagazine.com\/ht\/wp-json\/wp\/v2\/categories?post=2985"},{"taxonomy":"post_tag","embeddable":true,"href":"https:\/\/yogannmagazine.com\/ht\/wp-json\/wp\/v2\/tags?post=2985"}],"curies":[{"name":"wp","href":"https:\/\/api.w.org\/{rel}","templated":true}]}}