{"id":2983,"date":"2026-04-25T08:20:59","date_gmt":"2026-04-25T12:20:59","guid":{"rendered":"https:\/\/yogannmagazine.com\/25\/ariana-et-abigail-analyse-dune-rivalite-fabriquee\/"},"modified":"2026-04-25T08:20:59","modified_gmt":"2026-04-25T12:20:59","slug":"ariana-et-abigail-analyse-dune-rivalite-fabriquee","status":"publish","type":"post","link":"https:\/\/yogannmagazine.com\/ht\/25\/ariana-et-abigail-analyse-dune-rivalite-fabriquee\/","title":{"rendered":"Ariana et Abigail : Analyse d&#8217;une rivalit\u00e9 fabriqu\u00e9e"},"content":{"rendered":"<p class=\"wp-block-paragraph\">Deux victoires.<br \/>Deux univers.<\/p>\n\n\n\n<p class=\"wp-block-paragraph\">Les r\u00e9centes victoires d&#8217;Ariana et d&#8217;Abigail sur leurs sc\u00e8nes respectives ont suscit\u00e9, dans l&#8217;espace num\u00e9rique ha\u00eftien, un d\u00e9bat r\u00e9v\u00e9lateur des dynamiques contemporaines autour de la notori\u00e9t\u00e9 et de la valeur sociale.<br>Ariana s&#8217;est impos\u00e9e dans le <strong>House of Challenge<\/strong>, une comp\u00e9tition centr\u00e9e sur la popularit\u00e9 et la cr\u00e9ativit\u00e9 des cr\u00e9ateurs de contenu sur TikTok. Forte d\u2019une audience d\u00e9j\u00e0 cons\u00e9quente, elle repr\u00e9sentait Ha\u00efti en tant qu\u2019unique participante non africaine un positionnement qui a naturellement renforc\u00e9 la fiert\u00e9 nationale autour de sa victoire.<\/p>\n\n\n\n<p class=\"wp-block-paragraph\"><br>Abigail, de son c\u00f4t\u00e9, a remport\u00e9 <strong>l\u2019Eloquentia<\/strong> <strong>International<\/strong>, un concours d\u2019\u00e9loquence francophone solidement \u00e9tabli. Contrairement \u00e0 l\u2019univers num\u00e9rique d\u2019Ariana, cette comp\u00e9tition s\u2019inscrit dans un cadre acad\u00e9mique et culturel, valorisant la rigueur intellectuelle et la ma\u00eetrise de la parole.<\/p>\n\n\n\n<p class=\"wp-block-paragraph\"><em>Une opposition artificielle<\/em><\/p>\n\n\n\n<p class=\"wp-block-paragraph\">La mise en opposition de ces deux jeunes femmes par une partie de l\u2019opinion publique en ligne r\u00e9v\u00e8le une tendance persistante : l\u2019incapacit\u00e9 \u00e0 reconna\u00eetre simultan\u00e9ment des formes d\u2019excellence diff\u00e9rentes.<br><strong><em>D\u2019un c\u00f4t\u00e9, la visibilit\u00e9 num\u00e9rique est per\u00e7ue comme une preuve de succ\u00e8s. De l\u2019autre, l\u2019\u00e9loquence acad\u00e9mique est \u00e9rig\u00e9e en forme sup\u00e9rieure de l\u00e9gitimit\u00e9.<\/em><\/strong> Ce clivage ne repose pas sur des faits objectifs, mais sur une hi\u00e9rarchisation culturelle subjective, souvent inconsciente.<\/p>\n\n\n\n<p class=\"wp-block-paragraph\"><em>Le r\u00f4le des plateformes num\u00e9riques<\/em><\/p>\n\n\n\n<p class=\"wp-block-paragraph\">D\u2019un point de vue journalistique, la v\u00e9ritable question n\u2019est pas de d\u00e9terminer laquelle m\u00e9rite davantage de reconnaissance.<br \/>Elle r\u00e9side plut\u00f4t dans les m\u00e9canismes par lesquels les plateformes num\u00e9riques transforment des r\u00e9ussites individuelles en oppositions narratives. L\u2019algorithme ne valorise pas la nuance. Il pr\u00e9f\u00e8re le conflit, le duel, la polarisation. Deux succ\u00e8s deviennent alors, presque automatiquement, une rivalit\u00e9.<\/p>\n\n\n\n<p class=\"wp-block-paragraph\"><em>Une rivalit\u00e9 sans consentement<\/em><\/p>\n\n\n\n<p class=\"wp-block-paragraph\">Ariana et Abigail n\u2019ont jamais choisi de s\u2019opposer. Elles ont \u00e9t\u00e9 plac\u00e9es dans cette dynamique par un public avide de comparaison et par des logiques m\u00e9diatiques qui simplifient \u00e0 l\u2019extr\u00eame des parcours pourtant distincts.<br>R\u00e9duire leurs accomplissements \u00e0 une comp\u00e9tition revient \u00e0 appauvrir ce qu\u2019elles repr\u00e9sentent r\u00e9ellement : deux expressions diff\u00e9rentes, mais compl\u00e9mentaires, de l\u2019excellence ha\u00eftienne.<\/p>\n\n\n\n<p class=\"wp-block-paragraph\"><em>D\u00e9passer la logique du duel<\/em><\/p>\n\n\n\n<p class=\"wp-block-paragraph\">Plut\u00f4t que de chercher une gagnante entre deux trajectoires incomparables, il serait peut-\u00eatre temps d\u2019accepter une id\u00e9e simple, presque r\u00e9volutionnaire pour Internet : plusieurs formes de r\u00e9ussite peuvent coexister sans s\u2019annuler.<\/p>","protected":false},"excerpt":{"rendered":"<p>Ariana et Abigail n\u2019ont jamais choisi de s\u2019opposer. Elles ont \u00e9t\u00e9 plac\u00e9es dans cette dynamique par un public avide de comparaison et par des logiques m\u00e9diatiques qui simplifient \u00e0 l\u2019extr\u00eame des parcours pourtant distincts.\u2028R\u00e9duire leurs accomplissements \u00e0 une comp\u00e9tition revient \u00e0 appauvrir ce qu\u2019elles repr\u00e9sentent r\u00e9ellement : deux expressions diff\u00e9rentes, mais compl\u00e9mentaires, de l\u2019excellence ha\u00eftienne.<\/p>","protected":false},"author":19,"featured_media":2982,"comment_status":"open","ping_status":"open","sticky":false,"template":"","format":"standard","meta":{"googlesitekit_rrm_CAowqciiDA:productID":"","_gspb_post_css":"","_crdt_document":"","_uag_custom_page_level_css":"","jetpack_post_was_ever_published":false,"_jetpack_newsletter_access":"","_jetpack_dont_email_post_to_subs":false,"_jetpack_newsletter_tier_id":0,"_jetpack_memberships_contains_paywalled_content":false,"_jetpack_memberships_contains_paid_content":false,"footnotes":"","jetpack_publicize_message":"Ariana et Abigail : Analyse d'une rivalit\u00e9 fabriqu\u00e9e\n\nAriana et Abigail n\u2019ont jamais choisi de s\u2019opposer. Elles ont \u00e9t\u00e9 plac\u00e9es dans cette dynamique par un public avide de comparaison et par des logiques m\u00e9diatiques qui simplifient \u00e0 l\u2019extr\u00eame des parcours pourtant distincts.\u2028R\u00e9duire leurs accomplissements \u00e0 une comp\u00e9tition revient \u00e0 appauvrir ce qu\u2019elles repr\u00e9sentent r\u00e9ellement : deux expressions diff\u00e9rentes, mais compl\u00e9mentaires, de l\u2019excellence ha\u00eftienne.","jetpack_publicize_feature_enabled":true,"jetpack_social_post_already_shared":true,"jetpack_social_options":{"image_generator_settings":{"template":"highway","default_image_id":0,"font":"","enabled":false},"version":2}},"categories":[141],"tags":[267,266,235,268],"class_list":["post-2983","post","type-post","status-publish","format-standard","has-post-thumbnail","hentry","category-people","tag-abigail","tag-ariana","tag-eloquentia","tag-house-of-challenge"],"jetpack_publicize_connections":[],"jetpack_featured_media_url":"https:\/\/yogannmagazine.com\/wp-content\/uploads\/2026\/04\/img_5046.jpg","uagb_featured_image_src":{"full":["https:\/\/yogannmagazine.com\/wp-content\/uploads\/2026\/04\/img_5046.jpg",867,1080,false],"thumbnail":["https:\/\/yogannmagazine.com\/wp-content\/uploads\/2026\/04\/img_5046-150x150.jpg",150,150,true],"medium":["https:\/\/yogannmagazine.com\/wp-content\/uploads\/2026\/04\/img_5046-241x300.jpg",241,300,true],"medium_large":["https:\/\/yogannmagazine.com\/wp-content\/uploads\/2026\/04\/img_5046-768x957.jpg",768,957,true],"large":["https:\/\/yogannmagazine.com\/wp-content\/uploads\/2026\/04\/img_5046-822x1024.jpg",822,1024,true],"1536x1536":["https:\/\/yogannmagazine.com\/wp-content\/uploads\/2026\/04\/img_5046.jpg",867,1080,false],"2048x2048":["https:\/\/yogannmagazine.com\/wp-content\/uploads\/2026\/04\/img_5046.jpg",867,1080,false],"trp-custom-language-flag":["https:\/\/yogannmagazine.com\/wp-content\/uploads\/2026\/04\/img_5046-10x12.jpg",10,12,true]},"uagb_author_info":{"display_name":"Sketchy Figaro","author_link":"https:\/\/yogannmagazine.com\/ht\/author\/realsketchy7\/"},"uagb_comment_info":0,"uagb_excerpt":"Ariana et Abigail n\u2019ont jamais choisi de s\u2019opposer. Elles ont \u00e9t\u00e9 plac\u00e9es dans cette dynamique par un public avide de comparaison et par des logiques m\u00e9diatiques qui simplifient \u00e0 l\u2019extr\u00eame des parcours pourtant distincts.\u2028R\u00e9duire leurs accomplissements \u00e0 une comp\u00e9tition revient \u00e0 appauvrir ce qu\u2019elles repr\u00e9sentent r\u00e9ellement : deux expressions diff\u00e9rentes, mais compl\u00e9mentaires, de l\u2019excellence ha\u00eftienne.","jetpack_sharing_enabled":true,"jetpack-related-posts":[{"id":2977,"url":"https:\/\/yogannmagazine.com\/ht\/24\/ariana-nommee-ambassadrice-du-livre-une-nomination-qui-souleve-des-questions\/","url_meta":{"origin":2983,"position":0},"title":"Ariana nomm\u00e9e Ambassadrice du livre : une nomination qui soul\u00e8ve des questions","author":"Sketchy Figaro","date":"April 24, 2026","format":false,"excerpt":"Le ministre Emmanuel M\u00e9nard a r\u00e9cemment nomm\u00e9 Ariana Ambassadrice du livre. Une d\u00e9cision qui, au-del\u00e0 de la surprise qu'elle a suscit\u00e9e dans les milieux culturels et litt\u00e9raires ha\u00eftiens, m\u00e9rite une analyse rigoureuse.\u2028La question n'est pas de savoir si Ariana m\u00e9rite ou non ce titre. Elle est ailleurs : sur quels\u2026","rel":"","context":"In &quot;Litt\u00e9rature&quot;","block_context":{"text":"Litt\u00e9rature","link":"https:\/\/yogannmagazine.com\/ht\/category\/culture\/litterature\/"},"img":{"alt_text":"","src":"https:\/\/i0.wp.com\/yogannmagazine.com\/wp-content\/uploads\/2026\/04\/00077e30-db48-4fb7-989c-e2bd7e35e3f0-3.jpg?resize=350%2C200&ssl=1","width":350,"height":200,"srcset":"https:\/\/i0.wp.com\/yogannmagazine.com\/wp-content\/uploads\/2026\/04\/00077e30-db48-4fb7-989c-e2bd7e35e3f0-3.jpg?resize=350%2C200&ssl=1 1x, https:\/\/i0.wp.com\/yogannmagazine.com\/wp-content\/uploads\/2026\/04\/00077e30-db48-4fb7-989c-e2bd7e35e3f0-3.jpg?resize=525%2C300&ssl=1 1.5x, https:\/\/i0.wp.com\/yogannmagazine.com\/wp-content\/uploads\/2026\/04\/00077e30-db48-4fb7-989c-e2bd7e35e3f0-3.jpg?resize=700%2C400&ssl=1 2x"},"classes":[]},{"id":2764,"url":"https:\/\/yogannmagazine.com\/ht\/28\/eloquentia-2026-abigail-alexandre-parmi-les-finalistes-internationaux\/","url_meta":{"origin":2983,"position":1},"title":"\u00c9loquentia 2026 : Abiga\u00efl Alexandre parmi les finalistes internationaux","author":"Sketchy Figaro","date":"February 28, 2026","format":false,"excerpt":"\u00c0 seulement 21 ans, cette \u00e9tudiante en droit ne porte pas uniquement ses ambitions personnelles, elle porte celles d\u2019un peuple dont les mots ont toujours \u00e9t\u00e9 des armes, des refuges et des renaissances. Le 25 mars, sur la sc\u00e8ne de La Seine Musicale, \u00e0 Paris, elle se tiendra debout, face\u2026","rel":"","context":"In &quot;Litt\u00e9rature&quot;","block_context":{"text":"Litt\u00e9rature","link":"https:\/\/yogannmagazine.com\/ht\/category\/culture\/litterature\/"},"img":{"alt_text":"","src":"https:\/\/i0.wp.com\/yogannmagazine.com\/wp-content\/uploads\/2026\/02\/07bb3951-412e-4710-82ff-56a27a279561.jpg?resize=350%2C200&ssl=1","width":350,"height":200,"srcset":"https:\/\/i0.wp.com\/yogannmagazine.com\/wp-content\/uploads\/2026\/02\/07bb3951-412e-4710-82ff-56a27a279561.jpg?resize=350%2C200&ssl=1 1x, https:\/\/i0.wp.com\/yogannmagazine.com\/wp-content\/uploads\/2026\/02\/07bb3951-412e-4710-82ff-56a27a279561.jpg?resize=525%2C300&ssl=1 1.5x, https:\/\/i0.wp.com\/yogannmagazine.com\/wp-content\/uploads\/2026\/02\/07bb3951-412e-4710-82ff-56a27a279561.jpg?resize=700%2C400&ssl=1 2x"},"classes":[]},{"id":2769,"url":"https:\/\/yogannmagazine.com\/ht\/28\/justice-americaine-lanimateur-haitien-carel-pedre-retrouve-enfin-sa-liberte-apres-deux-mois-depreuve\/","url_meta":{"origin":2983,"position":2},"title":"Justice am\u00e9ricaine : l\u2019animateur ha\u00eftien Carel Pedre retrouve enfin sa libert\u00e9 apr\u00e8s deux mois d\u2019\u00e9preuve.","author":"Alexandre Jackson","date":"February 28, 2026","format":false,"excerpt":"Apr\u00e8s plusieurs mois marqu\u00e9s par une proc\u00e9dure judiciaire lourde et m\u00e9diatis\u00e9e, l\u2019animateur ha\u00eftien Carel Pedre a finalement retrouv\u00e9 sa libert\u00e9 aux \u00c9tats-Unis. Arr\u00eat\u00e9 \u00e0 la suite d\u2019accusations de violences domestiques qui se sont r\u00e9v\u00e9l\u00e9es infond\u00e9es, le professionnel des m\u00e9dias sort aujourd\u2019hui blanchi d\u2019une affaire qui avait profond\u00e9ment choqu\u00e9 la communaut\u00e9\u2026","rel":"","context":"In &quot;Actualit\u00e9s&quot;","block_context":{"text":"Actualit\u00e9s","link":"https:\/\/yogannmagazine.com\/ht\/category\/actualites\/"},"img":{"alt_text":"","src":"https:\/\/i0.wp.com\/yogannmagazine.com\/wp-content\/uploads\/2026\/02\/584918792_18537695785044317_4927257947579441322_n.jpg?fit=900%2C1200&ssl=1&resize=350%2C200","width":350,"height":200,"srcset":"https:\/\/i0.wp.com\/yogannmagazine.com\/wp-content\/uploads\/2026\/02\/584918792_18537695785044317_4927257947579441322_n.jpg?fit=900%2C1200&ssl=1&resize=350%2C200 1x, https:\/\/i0.wp.com\/yogannmagazine.com\/wp-content\/uploads\/2026\/02\/584918792_18537695785044317_4927257947579441322_n.jpg?fit=900%2C1200&ssl=1&resize=525%2C300 1.5x, https:\/\/i0.wp.com\/yogannmagazine.com\/wp-content\/uploads\/2026\/02\/584918792_18537695785044317_4927257947579441322_n.jpg?fit=900%2C1200&ssl=1&resize=700%2C400 2x"},"classes":[]},{"id":2404,"url":"https:\/\/yogannmagazine.com\/ht\/12\/donald-trump-president-du-venezuela-une-provocation-numerique-qui-brouille-les-lignes\/","url_meta":{"origin":2983,"position":3},"title":"Donald Trump \u201cpr\u00e9sident du Venezuela\u201d : une provocation num\u00e9rique qui brouille les lignes","author":"Jouvens Guelord","date":"January 12, 2026","format":false,"excerpt":"Une image, une affirmation, et beaucoup de confusion Une publication r\u00e9cente de Donald Trump a enflamm\u00e9 les r\u00e9seaux sociaux. Partag\u00e9e sur Truth Social, elle montre une image semblable \u00e0 une page encyclop\u00e9dique le pr\u00e9sentant comme \u00ab pr\u00e9sident par int\u00e9rim du Venezuela \u00bb, avec une prise de fonction indiqu\u00e9e en janvier\u2026","rel":"","context":"In &quot;Actualit\u00e9s&quot;","block_context":{"text":"Actualit\u00e9s","link":"https:\/\/yogannmagazine.com\/ht\/category\/actualites\/"},"img":{"alt_text":"","src":"https:\/\/i0.wp.com\/yogannmagazine.com\/wp-content\/uploads\/2026\/01\/img_2592.jpg?fit=894%2C1200&ssl=1&resize=350%2C200","width":350,"height":200,"srcset":"https:\/\/i0.wp.com\/yogannmagazine.com\/wp-content\/uploads\/2026\/01\/img_2592.jpg?fit=894%2C1200&ssl=1&resize=350%2C200 1x, https:\/\/i0.wp.com\/yogannmagazine.com\/wp-content\/uploads\/2026\/01\/img_2592.jpg?fit=894%2C1200&ssl=1&resize=525%2C300 1.5x, https:\/\/i0.wp.com\/yogannmagazine.com\/wp-content\/uploads\/2026\/01\/img_2592.jpg?fit=894%2C1200&ssl=1&resize=700%2C400 2x"},"classes":[]},{"id":2406,"url":"https:\/\/yogannmagazine.com\/ht\/12\/xabi-alonso-revoque-alvaro-arbeloa-prend-les-commandes-du-real-madrid\/","url_meta":{"origin":2983,"position":4},"title":"Xabi Alonso r\u00e9voqu\u00e9, \u00c1lvaro Arbeloa prend les commandes du Real Madrid","author":"Trotsky Pierre Benoit","date":"January 12, 2026","format":false,"excerpt":"Le Real Madrid a officiellement d\u00e9cid\u00e9 de mettre fin aux fonctions de Xabi Alonso en tant qu\u2019entra\u00eeneur de l\u2019\u00e9quipe premi\u00e8re. Une d\u00e9cision forte, prise dans un contexte de r\u00e9sultats jug\u00e9s insuffisants et de pression constante autour du club madril\u00e8ne. Pour lui succ\u00e9der, la direction a choisi \u00c1lvaro Arbeloa, ancien joueur\u2026","rel":"","context":"In &quot;Football&quot;","block_context":{"text":"Football","link":"https:\/\/yogannmagazine.com\/ht\/category\/sport\/football\/"},"img":{"alt_text":"","src":"https:\/\/i0.wp.com\/yogannmagazine.com\/wp-content\/uploads\/2026\/01\/6c7fba8d-0d2e-4fa7-b3e0-cf0360b094a1.jpg?fit=1200%2C675&ssl=1&resize=350%2C200","width":350,"height":200,"srcset":"https:\/\/i0.wp.com\/yogannmagazine.com\/wp-content\/uploads\/2026\/01\/6c7fba8d-0d2e-4fa7-b3e0-cf0360b094a1.jpg?fit=1200%2C675&ssl=1&resize=350%2C200 1x, https:\/\/i0.wp.com\/yogannmagazine.com\/wp-content\/uploads\/2026\/01\/6c7fba8d-0d2e-4fa7-b3e0-cf0360b094a1.jpg?fit=1200%2C675&ssl=1&resize=525%2C300 1.5x, https:\/\/i0.wp.com\/yogannmagazine.com\/wp-content\/uploads\/2026\/01\/6c7fba8d-0d2e-4fa7-b3e0-cf0360b094a1.jpg?fit=1200%2C675&ssl=1&resize=700%2C400 2x, https:\/\/i0.wp.com\/yogannmagazine.com\/wp-content\/uploads\/2026\/01\/6c7fba8d-0d2e-4fa7-b3e0-cf0360b094a1.jpg?fit=1200%2C675&ssl=1&resize=1050%2C600 3x"},"classes":[]},{"id":2444,"url":"https:\/\/yogannmagazine.com\/ht\/19\/melchie-daelle-dumornay-le-triomphe-dune-etoile-venue-dun-petit-pays-du-football\/","url_meta":{"origin":2983,"position":5},"title":"Melchie Da\u00eblle Dumornay, le triomphe d\u2019une \u00e9toile venue d\u2019un \u201cpetit\u201d pays du football.","author":"Steeve Preval","date":"January 19, 2026","format":false,"excerpt":"Rep\u00e9r\u00e9e tr\u00e8s t\u00f4t, \u00e0 seulement 15 ans, en premi\u00e8re division ha\u00eftienne avec l\u2019AS Mirebalais puis l\u2019AS Tigresses, elle signe au Stade de Reims le 9 septembre 2021, avant de rejoindre l\u2019OL Lyonnes le 16 janvier 2023. Elle gravit aujourd\u2019hui, \u00e9tape apr\u00e8s \u00e9tape, les sommets du football mondial, notamment par son\u2026","rel":"","context":"In &quot;Football&quot;","block_context":{"text":"Football","link":"https:\/\/yogannmagazine.com\/ht\/category\/sport\/football\/"},"img":{"alt_text":"","src":"https:\/\/i0.wp.com\/yogannmagazine.com\/wp-content\/uploads\/2026\/01\/img_2768.jpg?resize=350%2C200&ssl=1","width":350,"height":200,"srcset":"https:\/\/i0.wp.com\/yogannmagazine.com\/wp-content\/uploads\/2026\/01\/img_2768.jpg?resize=350%2C200&ssl=1 1x, https:\/\/i0.wp.com\/yogannmagazine.com\/wp-content\/uploads\/2026\/01\/img_2768.jpg?resize=525%2C300&ssl=1 1.5x"},"classes":[]}],"jetpack_shortlink":"https:\/\/wp.me\/pcBeFB-M7","brizy_media":[],"_links":{"self":[{"href":"https:\/\/yogannmagazine.com\/ht\/wp-json\/wp\/v2\/posts\/2983","targetHints":{"allow":["GET"]}}],"collection":[{"href":"https:\/\/yogannmagazine.com\/ht\/wp-json\/wp\/v2\/posts"}],"about":[{"href":"https:\/\/yogannmagazine.com\/ht\/wp-json\/wp\/v2\/types\/post"}],"author":[{"embeddable":true,"href":"https:\/\/yogannmagazine.com\/ht\/wp-json\/wp\/v2\/users\/19"}],"replies":[{"embeddable":true,"href":"https:\/\/yogannmagazine.com\/ht\/wp-json\/wp\/v2\/comments?post=2983"}],"version-history":[{"count":0,"href":"https:\/\/yogannmagazine.com\/ht\/wp-json\/wp\/v2\/posts\/2983\/revisions"}],"wp:featuredmedia":[{"embeddable":true,"href":"https:\/\/yogannmagazine.com\/ht\/wp-json\/wp\/v2\/media\/2982"}],"wp:attachment":[{"href":"https:\/\/yogannmagazine.com\/ht\/wp-json\/wp\/v2\/media?parent=2983"}],"wp:term":[{"taxonomy":"category","embeddable":true,"href":"https:\/\/yogannmagazine.com\/ht\/wp-json\/wp\/v2\/categories?post=2983"},{"taxonomy":"post_tag","embeddable":true,"href":"https:\/\/yogannmagazine.com\/ht\/wp-json\/wp\/v2\/tags?post=2983"}],"curies":[{"name":"wp","href":"https:\/\/api.w.org\/{rel}","templated":true}]}}