{"id":2877,"date":"2026-03-18T09:17:12","date_gmt":"2026-03-18T13:17:12","guid":{"rendered":"https:\/\/yogannmagazine.com\/18\/la-revocation-de-jacques-ader-directeur-departemental-de-louest-ddo\/"},"modified":"2026-03-18T09:17:12","modified_gmt":"2026-03-18T13:17:12","slug":"la-revocation-de-jacques-ader-directeur-departemental-de-louest-ddo","status":"publish","type":"post","link":"https:\/\/yogannmagazine.com\/ht\/18\/la-revocation-de-jacques-ader-directeur-departemental-de-louest-ddo\/","title":{"rendered":"La r\u00e9vocation de Jacques Ader, directeur d\u00e9partemental de l\u2019Ouest (DDO),"},"content":{"rendered":"<p class=\"wp-block-paragraph\">R\u00e9vocation controvers\u00e9e \u00e0 la DDO : un signal contradictoire dans la lutte contre le banditisme<br>Port-au-Prince, alors que le gouvernement dirig\u00e9 par le Premier ministre Alix Didier Fils-Aim\u00e9 affiche sa volont\u00e9 de lutter contre l\u2019ins\u00e9curit\u00e9 grandissante, une d\u00e9cision r\u00e9cente vient semer le doute quant \u00e0 la coh\u00e9rence de cette politique s\u00e9curitaire. La r\u00e9vocation de Jacques Ader, jusque-l\u00e0 directeur d\u00e9partemental de l\u2019Ouest (DDO), suscite interrogations et incompr\u00e9hensions au sein de l\u2019opinion publique.<\/p>\n\n\n\n<p class=\"wp-block-paragraph\">Reconnu pour son engagement dans la lutte contre les groupes arm\u00e9s, Jacques Ader s\u2019\u00e9tait illustr\u00e9 par plusieurs op\u00e9rations men\u00e9es dans des zones sensibles, notamment au centre-ville de Port-au-Prince et \u00e0 Village de Dieu, un bastion bien connu de gangs arm\u00e9s. Son action, salu\u00e9e par une partie de la population, incarnait pour beaucoup un rare signe d\u2019autorit\u00e9 face \u00e0 l\u2019expansion du banditisme.<\/p>\n\n\n\n<p class=\"wp-block-paragraph\"><br>Cependant, en pleine intensification de ses interventions sur le terrain, le haut grad\u00e9 a re\u00e7u une lettre officielle mettant fin \u00e0 ses fonctions \u00e0 la t\u00eate de la DDO. Une d\u00e9cision qui intervient \u00e0 un moment jug\u00e9 critique, alors que les autorit\u00e9s promettent un renforcement de la s\u00e9curit\u00e9 publique.<br>Pour lui succ\u00e9der, les autorit\u00e9s ont nomm\u00e9 <strong><em>Yvon Cantave<\/em><\/strong>. Une nomination qui ne fait pas l\u2019unanimit\u00e9, notamment en raison de certaines critiques relay\u00e9es dans l\u2019opinion concernant son parcours, bien qu\u2019aucune accusation formelle n\u2019ait \u00e9t\u00e9 \u00e9tablie \u00e0 ce jour.<\/p>\n\n\n\n<p class=\"wp-block-paragraph\"><br>Par ailleurs, plusieurs voix s\u2019\u00e9l\u00e8vent pour d\u00e9noncer ce qui est per\u00e7u comme un traitement diff\u00e9renci\u00e9 au sein de la hi\u00e9rarchie polici\u00e8re. Tandis que Jacques Ader n\u2019aurait pas b\u00e9n\u00e9fici\u00e9 du soutien du directeur g\u00e9n\u00e9ral de la Police nationale d\u2019Ha\u00efti, Vladimir Paraison, d\u2019autres responsables, pourtant contest\u00e9s, continueraient de jouir d\u2019un appui institutionnel.<\/p>\n\n\n\n<p class=\"wp-block-paragraph\">Cette situation met en lumi\u00e8re les d\u00e9fis structurels auxquels fait face la Police nationale d\u2019Ha\u00efti, entre n\u00e9cessit\u00e9 de r\u00e9sultats rapides, pressions politiques et attentes d\u2019une population de plus en plus expos\u00e9e \u00e0 la violence des gangs.<\/p>\n\n\n\n<p class=\"wp-block-paragraph\"><br>Au-del\u00e0 des consid\u00e9rations administratives, cette r\u00e9vocation soul\u00e8ve une question centrale : la lutte contre le banditisme peut-elle \u00eatre efficace sans un soutien clair et constant aux agents engag\u00e9s sur le terrain ? Pour de nombreux observateurs, la r\u00e9ponse \u00e0 cette interrogation d\u00e9terminera en grande partie la cr\u00e9dibilit\u00e9 des autorit\u00e9s dans leur combat contre l\u2019ins\u00e9curit\u00e9.<br>Dans un contexte national d\u00e9j\u00e0 fragilis\u00e9, cette d\u00e9cision risque d\u2019alimenter davantage la m\u00e9fiance entre la population et les institutions charg\u00e9es de la prot\u00e9ger.<\/p>","protected":false},"excerpt":{"rendered":"<p>Au-del\u00e0 des consid\u00e9rations administratives, cette r\u00e9vocation soul\u00e8ve une question centrale : la lutte contre le banditisme peut-elle \u00eatre efficace sans un soutien clair et constant aux agents engag\u00e9s sur le terrain ? Pour de nombreux observateurs, la r\u00e9ponse \u00e0 cette interrogation d\u00e9terminera en grande partie la cr\u00e9dibilit\u00e9 des autorit\u00e9s dans leur combat contre l\u2019ins\u00e9curit\u00e9.<\/p>","protected":false},"author":16,"featured_media":2876,"comment_status":"open","ping_status":"open","sticky":false,"template":"","format":"standard","meta":{"googlesitekit_rrm_CAowqciiDA:productID":"","_gspb_post_css":"","_crdt_document":"","_uag_custom_page_level_css":"","jetpack_post_was_ever_published":false,"_jetpack_newsletter_access":"","_jetpack_dont_email_post_to_subs":false,"_jetpack_newsletter_tier_id":0,"_jetpack_memberships_contains_paywalled_content":false,"_jetpack_memberships_contains_paid_content":false,"footnotes":"","jetpack_publicize_message":"La r\u00e9vocation de Jacques Adler, directeur d\u00e9partemental de l\u2019Ouest (DDO),","jetpack_publicize_feature_enabled":true,"jetpack_social_post_already_shared":true,"jetpack_social_options":{"image_generator_settings":{"template":"highway","default_image_id":0,"font":"","enabled":false},"version":2}},"categories":[14,16],"tags":[],"class_list":["post-2877","post","type-post","status-publish","format-standard","has-post-thumbnail","hentry","category-national","category-securite"],"jetpack_publicize_connections":[],"jetpack_featured_media_url":"https:\/\/yogannmagazine.com\/wp-content\/uploads\/2026\/03\/img_4241.jpg","uagb_featured_image_src":{"full":["https:\/\/yogannmagazine.com\/wp-content\/uploads\/2026\/03\/img_4241.jpg",2000,1385,false],"thumbnail":["https:\/\/yogannmagazine.com\/wp-content\/uploads\/2026\/03\/img_4241-150x150.jpg",150,150,true],"medium":["https:\/\/yogannmagazine.com\/wp-content\/uploads\/2026\/03\/img_4241-300x208.jpg",300,208,true],"medium_large":["https:\/\/yogannmagazine.com\/wp-content\/uploads\/2026\/03\/img_4241-768x532.jpg",768,532,true],"large":["https:\/\/yogannmagazine.com\/wp-content\/uploads\/2026\/03\/img_4241-1024x709.jpg",1024,709,true],"1536x1536":["https:\/\/yogannmagazine.com\/wp-content\/uploads\/2026\/03\/img_4241-1536x1064.jpg",1536,1064,true],"2048x2048":["https:\/\/yogannmagazine.com\/wp-content\/uploads\/2026\/03\/img_4241.jpg",2000,1385,false],"trp-custom-language-flag":["https:\/\/yogannmagazine.com\/wp-content\/uploads\/2026\/03\/img_4241-18x12.jpg",18,12,true]},"uagb_author_info":{"display_name":"Alexandre Jackson","author_link":"https:\/\/yogannmagazine.com\/ht\/author\/alexandrejackson2000\/"},"uagb_comment_info":0,"uagb_excerpt":"Au-del\u00e0 des consid\u00e9rations administratives, cette r\u00e9vocation soul\u00e8ve une question centrale : la lutte contre le banditisme peut-elle \u00eatre efficace sans un soutien clair et constant aux agents engag\u00e9s sur le terrain ? Pour de nombreux observateurs, la r\u00e9ponse \u00e0 cette interrogation d\u00e9terminera en grande partie la cr\u00e9dibilit\u00e9 des autorit\u00e9s dans leur combat contre l\u2019ins\u00e9curit\u00e9.","jetpack_sharing_enabled":true,"jetpack-related-posts":[{"id":2633,"url":"https:\/\/yogannmagazine.com\/ht\/05\/la-pnh-recoit-trois-nouveaux-chars-blindes-pour-renforcer-la-lutte-contre-les-groupes-armes\/","url_meta":{"origin":2877,"position":0},"title":"La PNH re\u00e7oit trois nouveaux chars blind\u00e9s pour renforcer la lutte contre les groupes arm\u00e9s.","author":"Alexandre Jackson","date":"February 5, 2026","format":false,"excerpt":"La Police nationale d\u2019Ha\u00efti (PNH) a re\u00e7u, ce jeudi, au moins cinq nouveaux chars blind\u00e9s, plus pr\u00e9cis\u00e9ment des chars d\u2019assaut, destin\u00e9s \u00e0 renforcer ses capacit\u00e9s op\u00e9rationnelles dans la lutte contre les groupes arm\u00e9s qui terrorisent la population dans plusieurs zones du pays.","rel":"","context":"In &quot;Actualit\u00e9s&quot;","block_context":{"text":"Actualit\u00e9s","link":"https:\/\/yogannmagazine.com\/ht\/category\/actualites\/"},"img":{"alt_text":"","src":"https:\/\/i0.wp.com\/yogannmagazine.com\/wp-content\/uploads\/2026\/02\/37ddd47b-56e9-43d2-a5de-694d9cdeacb3.jpg?resize=350%2C200&ssl=1","width":350,"height":200,"srcset":"https:\/\/i0.wp.com\/yogannmagazine.com\/wp-content\/uploads\/2026\/02\/37ddd47b-56e9-43d2-a5de-694d9cdeacb3.jpg?resize=350%2C200&ssl=1 1x, https:\/\/i0.wp.com\/yogannmagazine.com\/wp-content\/uploads\/2026\/02\/37ddd47b-56e9-43d2-a5de-694d9cdeacb3.jpg?resize=525%2C300&ssl=1 1.5x"},"classes":[]},{"id":2581,"url":"https:\/\/yogannmagazine.com\/ht\/03\/haiti-justice-lancien-dg-de-la-television-nationale-devant-son-juge\/","url_meta":{"origin":2877,"position":1},"title":"Ha\u00efti,&nbsp;Justice : l\u2019ancien DG de la T\u00e9l\u00e9vision Nationale devant son juge","author":"Alexandre Jackson","date":"February 3, 2026","format":false,"excerpt":"L\u2019ancien directeur g\u00e9n\u00e9ral de la T\u00e9l\u00e9vision nationale d\u2019Ha\u00efti (TNH), Gamal Augustin, a \u00e9t\u00e9 pr\u00e9sent\u00e9 ce jour devant son juge naturel, apr\u00e8s plusieurs mois de d\u00e9tention pr\u00e9ventive. Cette comparution intervient dans le cadre d\u2019un dossier de corruption pr\u00e9sum\u00e9e, largement document\u00e9 dans un rapport de l\u2019Unit\u00e9 de Lutte Contre la Corruption (ULCC).","rel":"","context":"In &quot;Actualit\u00e9s&quot;","block_context":{"text":"Actualit\u00e9s","link":"https:\/\/yogannmagazine.com\/ht\/category\/actualites\/"},"img":{"alt_text":"","src":"https:\/\/i0.wp.com\/yogannmagazine.com\/wp-content\/uploads\/2026\/02\/img_3165-2.jpg?resize=350%2C200&ssl=1","width":350,"height":200,"srcset":"https:\/\/i0.wp.com\/yogannmagazine.com\/wp-content\/uploads\/2026\/02\/img_3165-2.jpg?resize=350%2C200&ssl=1 1x, https:\/\/i0.wp.com\/yogannmagazine.com\/wp-content\/uploads\/2026\/02\/img_3165-2.jpg?resize=525%2C300&ssl=1 1.5x"},"classes":[]},{"id":2515,"url":"https:\/\/yogannmagazine.com\/ht\/25\/revocation-de-visas-americains-un-signal-politique-fort-qui-interroge-la-souverainete-haitienne\/","url_meta":{"origin":2877,"position":2},"title":"R\u00e9vocation de visas am\u00e9ricains : un signal politique fort qui interroge la souverainet\u00e9 ha\u00eftienne","author":"Jouvens Guelord","date":"January 25, 2026","format":false,"excerpt":"Port-au-Prince \u2013 Le D\u00e9partement d\u2019\u00c9tat am\u00e9ricain a annonc\u00e9 la r\u00e9vocation des visas de deux membres du Conseil pr\u00e9sidentiel de transition (CPT), une d\u00e9cision qui suscite de vives r\u00e9actions au sein de l\u2019opinion publique ha\u00eftienne et relance le d\u00e9bat sur l\u2019influence de Washington dans les affaires internes du pays. Selon les\u2026","rel":"","context":"In &quot;Actualit\u00e9s&quot;","block_context":{"text":"Actualit\u00e9s","link":"https:\/\/yogannmagazine.com\/ht\/category\/actualites\/"},"img":{"alt_text":"","src":"https:\/\/i0.wp.com\/yogannmagazine.com\/wp-content\/uploads\/2026\/01\/img_2959.jpg?resize=350%2C200&ssl=1","width":350,"height":200,"srcset":"https:\/\/i0.wp.com\/yogannmagazine.com\/wp-content\/uploads\/2026\/01\/img_2959.jpg?resize=350%2C200&ssl=1 1x, https:\/\/i0.wp.com\/yogannmagazine.com\/wp-content\/uploads\/2026\/01\/img_2959.jpg?resize=525%2C300&ssl=1 1.5x, https:\/\/i0.wp.com\/yogannmagazine.com\/wp-content\/uploads\/2026\/01\/img_2959.jpg?resize=700%2C400&ssl=1 2x"},"classes":[]},{"id":2677,"url":"https:\/\/yogannmagazine.com\/ht\/08\/crise-institutionnelle-le-premier-ministre-alix-didier-fils-aime-revoque-le-maire-de-port-au-prince\/","url_meta":{"origin":2877,"position":3},"title":"Crise institutionnelle : le Premier ministre Alix Didier Fils-Aim\u00e9 r\u00e9voque le maire de Port-au-Prince","author":"Alexandre Jackson","date":"February 8, 2026","format":false,"excerpt":"Port-au-Prince, Quelques jours apr\u00e8s l\u2019avis de recherches lanc\u00e9 par la Direction centrale de la police judiciaire (DCPJ) contre le magistrat de Port-au-Prince, un nouveau tournant politique vient accentuer les tensions au sommet de l\u2019\u00c9tat. \u00c0 la suite du d\u00e9part du Conseil pr\u00e9sidentiel de transition (CPT), le Premier ministre Alix Didier\u2026","rel":"","context":"In &quot;Actualit\u00e9s&quot;","block_context":{"text":"Actualit\u00e9s","link":"https:\/\/yogannmagazine.com\/ht\/category\/actualites\/"},"img":{"alt_text":"","src":"https:\/\/i0.wp.com\/yogannmagazine.com\/wp-content\/uploads\/2026\/02\/img_3506.jpg?resize=350%2C200&ssl=1","width":350,"height":200,"srcset":"https:\/\/i0.wp.com\/yogannmagazine.com\/wp-content\/uploads\/2026\/02\/img_3506.jpg?resize=350%2C200&ssl=1 1x, https:\/\/i0.wp.com\/yogannmagazine.com\/wp-content\/uploads\/2026\/02\/img_3506.jpg?resize=525%2C300&ssl=1 1.5x, https:\/\/i0.wp.com\/yogannmagazine.com\/wp-content\/uploads\/2026\/02\/img_3506.jpg?resize=700%2C400&ssl=1 2x"},"classes":[]},{"id":2642,"url":"https:\/\/yogannmagazine.com\/ht\/06\/trafic-darmes-un-ancien-directeur-de-lagd-dans-le-collimateur-de-la-dcpj\/","url_meta":{"origin":2877,"position":4},"title":"Trafic d\u2019armes : un ancien directeur de l\u2019AGD dans le collimateur de la DCPJ.","author":"Alexandre Jackson","date":"February 6, 2026","format":false,"excerpt":"L\u2019ancien directeur de l\u2019Administration g\u00e9n\u00e9rale des douanes (AGD) Julc\u00e8ne EDOUARD est d\u00e9sormais au centre d\u2019une enqu\u00eate de la Direction centrale de la police judiciaire (DCPJ) pour des faits pr\u00e9sum\u00e9s de trafic d\u2019armes.","rel":"","context":"In &quot;Actualit\u00e9s&quot;","block_context":{"text":"Actualit\u00e9s","link":"https:\/\/yogannmagazine.com\/ht\/category\/actualites\/"},"img":{"alt_text":"","src":"https:\/\/i0.wp.com\/yogannmagazine.com\/wp-content\/uploads\/2026\/02\/7b0995ac-3061-471d-b78e-3dbee179bbaa.jpg?resize=350%2C200&ssl=1","width":350,"height":200,"srcset":"https:\/\/i0.wp.com\/yogannmagazine.com\/wp-content\/uploads\/2026\/02\/7b0995ac-3061-471d-b78e-3dbee179bbaa.jpg?resize=350%2C200&ssl=1 1x, https:\/\/i0.wp.com\/yogannmagazine.com\/wp-content\/uploads\/2026\/02\/7b0995ac-3061-471d-b78e-3dbee179bbaa.jpg?resize=525%2C300&ssl=1 1.5x, https:\/\/i0.wp.com\/yogannmagazine.com\/wp-content\/uploads\/2026\/02\/7b0995ac-3061-471d-b78e-3dbee179bbaa.jpg?resize=700%2C400&ssl=1 2x"},"classes":[]},{"id":2455,"url":"https:\/\/yogannmagazine.com\/ht\/22\/securite-le-dg-de-la-pnh-lance-un-ultimatum-aux-gangs-armes\/","url_meta":{"origin":2877,"position":5},"title":"S\u00e9curit\u00e9 : Le DG de la PNH lance un ultimatum aux gangs arm\u00e9s","author":"Alexandre Jackson","date":"January 22, 2026","format":false,"excerpt":"Le Directeur g\u00e9n\u00e9ral de la Police nationale d\u2019Ha\u00efti (PNH) Vladimir Paraison\u00a0a\u00a0adress\u00e9 un message ferme aux gangs arm\u00e9s qui continuent de semer la terreur dans plusieurs zones du pays. Lors d\u2019une d\u00e9claration officielle, il a appel\u00e9 les chefs de gangs \u00e0 se rendre sans condition avant qu\u2019il ne soit trop tard.\u2026","rel":"","context":"In &quot;Actualit\u00e9s&quot;","block_context":{"text":"Actualit\u00e9s","link":"https:\/\/yogannmagazine.com\/ht\/category\/actualites\/"},"img":{"alt_text":"","src":"https:\/\/i0.wp.com\/yogannmagazine.com\/wp-content\/uploads\/2026\/01\/img_2845.jpg?fit=800%2C1200&ssl=1&resize=350%2C200","width":350,"height":200,"srcset":"https:\/\/i0.wp.com\/yogannmagazine.com\/wp-content\/uploads\/2026\/01\/img_2845.jpg?fit=800%2C1200&ssl=1&resize=350%2C200 1x, https:\/\/i0.wp.com\/yogannmagazine.com\/wp-content\/uploads\/2026\/01\/img_2845.jpg?fit=800%2C1200&ssl=1&resize=525%2C300 1.5x, https:\/\/i0.wp.com\/yogannmagazine.com\/wp-content\/uploads\/2026\/01\/img_2845.jpg?fit=800%2C1200&ssl=1&resize=700%2C400 2x"},"classes":[]}],"jetpack_shortlink":"https:\/\/wp.me\/pcBeFB-Kp","brizy_media":[],"_links":{"self":[{"href":"https:\/\/yogannmagazine.com\/ht\/wp-json\/wp\/v2\/posts\/2877","targetHints":{"allow":["GET"]}}],"collection":[{"href":"https:\/\/yogannmagazine.com\/ht\/wp-json\/wp\/v2\/posts"}],"about":[{"href":"https:\/\/yogannmagazine.com\/ht\/wp-json\/wp\/v2\/types\/post"}],"author":[{"embeddable":true,"href":"https:\/\/yogannmagazine.com\/ht\/wp-json\/wp\/v2\/users\/16"}],"replies":[{"embeddable":true,"href":"https:\/\/yogannmagazine.com\/ht\/wp-json\/wp\/v2\/comments?post=2877"}],"version-history":[{"count":0,"href":"https:\/\/yogannmagazine.com\/ht\/wp-json\/wp\/v2\/posts\/2877\/revisions"}],"wp:featuredmedia":[{"embeddable":true,"href":"https:\/\/yogannmagazine.com\/ht\/wp-json\/wp\/v2\/media\/2876"}],"wp:attachment":[{"href":"https:\/\/yogannmagazine.com\/ht\/wp-json\/wp\/v2\/media?parent=2877"}],"wp:term":[{"taxonomy":"category","embeddable":true,"href":"https:\/\/yogannmagazine.com\/ht\/wp-json\/wp\/v2\/categories?post=2877"},{"taxonomy":"post_tag","embeddable":true,"href":"https:\/\/yogannmagazine.com\/ht\/wp-json\/wp\/v2\/tags?post=2877"}],"curies":[{"name":"wp","href":"https:\/\/api.w.org\/{rel}","templated":true}]}}