{"id":2871,"date":"2026-03-13T14:00:00","date_gmt":"2026-03-13T18:00:00","guid":{"rendered":"https:\/\/yogannmagazine.com\/?p=2871"},"modified":"2026-03-18T09:45:58","modified_gmt":"2026-03-18T13:45:58","slug":"virginie-sampeur-pionniere-de-la-litterature-feminine-haitienne","status":"publish","type":"post","link":"https:\/\/yogannmagazine.com\/ht\/13\/virginie-sampeur-pionniere-de-la-litterature-feminine-haitienne\/","title":{"rendered":"Virginie Sampeur, pionni\u00e8re de la litt\u00e9rature f\u00e9minine ha\u00eftienne"},"content":{"rendered":"<p class=\"wp-block-paragraph\">Dans l\u2019histoire de la litt\u00e9rature ha\u00eftienne, les femmes ont longtemps \u00e9t\u00e9 peu visibles, les cercles litt\u00e9raires et les publications \u00e9taient majoritairement domin\u00e9s par des hommes.<br \/>Dans ce contexte, Virginie Sampeur appara\u00eet comme une figure importante.<\/p>\n\n\n\n<p class=\"wp-block-paragraph\">N\u00e9e le 28 mars 1839 \u00e0 Port-au-Prince, elle est reconnue comme l\u2019une des premi\u00e8res femmes ha\u00eftiennes \u00e0 publier des textes litt\u00e9raires.<br \/>Institutrice et po\u00e9tesse, Virginie Sampeur commence \u00e0 \u00e9crire tr\u00e8s jeune. \u00c0 seulement dix-sept (17) ans, elle compose ses premiers vers. Ses textes seront publi\u00e9s dans des revues litt\u00e9raires influentes de l\u2019\u00e9poque, notamment La Ronde et Ha\u00efti Litt\u00e9raire et Scientifique.<br \/>Sa vie personnelle croise \u00e9galement celle de figures importantes de la culture ha\u00eftienne. Elle \u00e9pouse d\u2019abord le po\u00e8te Oswald Durand, avant de divorcer 9 ans plus tard par infid\u00e9lit\u00e9s de son mari.<br \/>Elle se remarie ensuite avec le pianiste Tacite Lamothe, avec qui elle aura un fils, le musicien Ludovic Lamothe.<\/p>\n\n\n\n<p class=\"wp-block-paragraph\">Son \u0153uvre comprend notamment le po\u00e8me <em>L\u2019Abandonn\u00e9e<\/em> , \u00e9crit en 1876, ainsi que plusieurs nouvelles et un roman semi-autobiographique intitul\u00e9 <em>Ang\u00e8le Dufour<\/em> .<\/p>\n\n\n\n<p class=\"wp-block-paragraph\">En parall\u00e8le de sa carri\u00e8re litt\u00e9raire, Virginie Sampeur s\u2019investit dans l\u2019\u00e9ducation o\u00f9 elle dirigair le Pensionnat National des Demoiselles \u00e0 Port-au-Prince entre 1901 et 1909.<\/p>\n\n\n\n<p class=\"wp-block-paragraph\">D\u00e9c\u00e9d\u00e9e en 1919, \u00e0 l&#8217;\u00e2ge de 80 ans, elle laisse un h\u00e9ritage important dans l\u2019histoire culturelle ha\u00eftienne.<br \/>En \u00e9tant l\u2019une des premi\u00e8res femmes \u00e0 publier et \u00e0 s\u2019imposer dans les cercles litt\u00e9raires de son \u00e9poque, Virginie Sampeur a contribu\u00e9 \u00e0 ouvrir la voie aux g\u00e9n\u00e9rations suivantes d\u2019\u00e9crivaines ha\u00eftiennes.<\/p>","protected":false},"excerpt":{"rendered":"<p>N\u00e9e le 28 mars 1839 \u00e0 Port-au-Prince, elle est reconnue comme l\u2019une des premi\u00e8res femmes ha\u00eftiennes \u00e0 publier des textes litt\u00e9raires.\u2028Institutrice et po\u00e9tesse, Virginie Sampeur commence \u00e0 \u00e9crire tr\u00e8s jeune. \u00c0 seulement dix-sept (17) ans, elle compose ses premiers vers.<\/p>","protected":false},"author":19,"featured_media":2870,"comment_status":"open","ping_status":"open","sticky":false,"template":"","format":"standard","meta":{"googlesitekit_rrm_CAowqciiDA:productID":"","_gspb_post_css":"","_crdt_document":"","_uag_custom_page_level_css":"","jetpack_post_was_ever_published":false,"_jetpack_newsletter_access":"","_jetpack_dont_email_post_to_subs":false,"_jetpack_newsletter_tier_id":0,"_jetpack_memberships_contains_paywalled_content":false,"_jetpack_memberships_contains_paid_content":false,"footnotes":"","jetpack_publicize_message":"Virginie Sampeur, pionni\u00e8re de la litt\u00e9rature f\u00e9minine ha\u00eftienne","jetpack_publicize_feature_enabled":true,"jetpack_social_post_already_shared":true,"jetpack_social_options":{"image_generator_settings":{"template":"highway","default_image_id":0,"font":"","enabled":false},"version":2}},"categories":[4],"tags":[],"class_list":["post-2871","post","type-post","status-publish","format-standard","has-post-thumbnail","hentry","category-litterature"],"jetpack_publicize_connections":[],"jetpack_featured_media_url":"https:\/\/yogannmagazine.com\/wp-content\/uploads\/2026\/03\/7d8a6695-941c-4f89-b43d-b01cf1dc4d1c.jpg","uagb_featured_image_src":{"full":["https:\/\/yogannmagazine.com\/wp-content\/uploads\/2026\/03\/7d8a6695-941c-4f89-b43d-b01cf1dc4d1c.jpg",717,900,false],"thumbnail":["https:\/\/yogannmagazine.com\/wp-content\/uploads\/2026\/03\/7d8a6695-941c-4f89-b43d-b01cf1dc4d1c-150x150.jpg",150,150,true],"medium":["https:\/\/yogannmagazine.com\/wp-content\/uploads\/2026\/03\/7d8a6695-941c-4f89-b43d-b01cf1dc4d1c-239x300.jpg",239,300,true],"medium_large":["https:\/\/yogannmagazine.com\/wp-content\/uploads\/2026\/03\/7d8a6695-941c-4f89-b43d-b01cf1dc4d1c.jpg",717,900,false],"large":["https:\/\/yogannmagazine.com\/wp-content\/uploads\/2026\/03\/7d8a6695-941c-4f89-b43d-b01cf1dc4d1c.jpg",717,900,false],"1536x1536":["https:\/\/yogannmagazine.com\/wp-content\/uploads\/2026\/03\/7d8a6695-941c-4f89-b43d-b01cf1dc4d1c.jpg",717,900,false],"2048x2048":["https:\/\/yogannmagazine.com\/wp-content\/uploads\/2026\/03\/7d8a6695-941c-4f89-b43d-b01cf1dc4d1c.jpg",717,900,false],"trp-custom-language-flag":["https:\/\/yogannmagazine.com\/wp-content\/uploads\/2026\/03\/7d8a6695-941c-4f89-b43d-b01cf1dc4d1c-10x12.jpg",10,12,true]},"uagb_author_info":{"display_name":"Sketchy Figaro","author_link":"https:\/\/yogannmagazine.com\/ht\/author\/realsketchy7\/"},"uagb_comment_info":0,"uagb_excerpt":"N\u00e9e le 28 mars 1839 \u00e0 Port-au-Prince, elle est reconnue comme l\u2019une des premi\u00e8res femmes ha\u00eftiennes \u00e0 publier des textes litt\u00e9raires.\u2028Institutrice et po\u00e9tesse, Virginie Sampeur commence \u00e0 \u00e9crire tr\u00e8s jeune. \u00c0 seulement dix-sept (17) ans, elle compose ses premiers vers.","jetpack_sharing_enabled":true,"jetpack-related-posts":[{"id":298,"url":"https:\/\/yogannmagazine.com\/ht\/27\/de-ma-plume-a-ton-coeur-de-cleeswood-remy-une-celebration-de-lart-et-des-mots\/","url_meta":{"origin":2871,"position":0},"title":"&#8220;De ma plume \u00e0 ton c\u0153ur&#8221; de Cleeswood Remy : Une C\u00e9l\u00e9bration de l&#8217;Art et des Mots","author":"Jouvens Guelord","date":"October 27, 2024","format":false,"excerpt":"Le 24 novembre prochain marquera un moment sp\u00e9cial dans la vie culturelle de L\u00e9og\u00e2ne, alors que l'auteur Cleeswood Remy, originaire de Gressier, un jeune sportif, administrateur , r\u00e9dacteur et entrepreneur, d\u00e9voilera son tout premier recueil de po\u00e9sie, intitul\u00e9 \"De ma plume \u00e0 ton c\u0153ur\". Ce lancement aura lieu \u00e0 la\u2026","rel":"","context":"In &quot;Litt\u00e9rature&quot;","block_context":{"text":"Litt\u00e9rature","link":"https:\/\/yogannmagazine.com\/ht\/category\/culture\/litterature\/"},"img":{"alt_text":"","src":"https:\/\/i0.wp.com\/yogannmagazine.com\/wp-content\/uploads\/2025\/11\/989d7440-0bcd-467e-a933-ce6dc9c8278f.jpg?fit=1200%2C900&ssl=1&resize=350%2C200","width":350,"height":200,"srcset":"https:\/\/i0.wp.com\/yogannmagazine.com\/wp-content\/uploads\/2025\/11\/989d7440-0bcd-467e-a933-ce6dc9c8278f.jpg?fit=1200%2C900&ssl=1&resize=350%2C200 1x, https:\/\/i0.wp.com\/yogannmagazine.com\/wp-content\/uploads\/2025\/11\/989d7440-0bcd-467e-a933-ce6dc9c8278f.jpg?fit=1200%2C900&ssl=1&resize=525%2C300 1.5x, https:\/\/i0.wp.com\/yogannmagazine.com\/wp-content\/uploads\/2025\/11\/989d7440-0bcd-467e-a933-ce6dc9c8278f.jpg?fit=1200%2C900&ssl=1&resize=700%2C400 2x, https:\/\/i0.wp.com\/yogannmagazine.com\/wp-content\/uploads\/2025\/11\/989d7440-0bcd-467e-a933-ce6dc9c8278f.jpg?fit=1200%2C900&ssl=1&resize=1050%2C600 3x"},"classes":[]},{"id":2483,"url":"https:\/\/yogannmagazine.com\/ht\/23\/renan-ulysse-annonce-un-ouvrage-sur-lidentite-haitienne\/","url_meta":{"origin":2871,"position":1},"title":"Renan Ulysse annonce un ouvrage sur l\u2019identit\u00e9 ha\u00eftienne","author":"Jouvens Guelord","date":"January 23, 2026","format":false,"excerpt":"Renan Ulysse vient d\u2019annoncer la parution prochaine de son livre Redevenir Ha\u00eftien : Chronique d\u2019un retour \u00e0 l\u2019essentiel, un ouvrage qui s\u2019annonce comme une r\u00e9flexion profonde et sans concessions sur l\u2019\u00e9tat de la soci\u00e9t\u00e9 ha\u00eftienne. \u00c0 travers ce projet \u00e9ditorial encore in\u00e9dit, l\u2019auteur entend poser un regard lucide sur nos\u2026","rel":"","context":"In &quot;Litt\u00e9rature&quot;","block_context":{"text":"Litt\u00e9rature","link":"https:\/\/yogannmagazine.com\/ht\/category\/culture\/litterature\/"},"img":{"alt_text":"","src":"https:\/\/i0.wp.com\/yogannmagazine.com\/wp-content\/uploads\/2026\/01\/3f43041b-56ae-417f-84b3-b2af89efb768.jpg?resize=350%2C200&ssl=1","width":350,"height":200,"srcset":"https:\/\/i0.wp.com\/yogannmagazine.com\/wp-content\/uploads\/2026\/01\/3f43041b-56ae-417f-84b3-b2af89efb768.jpg?resize=350%2C200&ssl=1 1x, https:\/\/i0.wp.com\/yogannmagazine.com\/wp-content\/uploads\/2026\/01\/3f43041b-56ae-417f-84b3-b2af89efb768.jpg?resize=525%2C300&ssl=1 1.5x, https:\/\/i0.wp.com\/yogannmagazine.com\/wp-content\/uploads\/2026\/01\/3f43041b-56ae-417f-84b3-b2af89efb768.jpg?resize=700%2C400&ssl=1 2x, https:\/\/i0.wp.com\/yogannmagazine.com\/wp-content\/uploads\/2026\/01\/3f43041b-56ae-417f-84b3-b2af89efb768.jpg?resize=1050%2C600&ssl=1 3x"},"classes":[]},{"id":270,"url":"https:\/\/yogannmagazine.com\/ht\/19\/livres-en-folie-une-fierte-litteraire-au-rendez-vous\/","url_meta":{"origin":2871,"position":2},"title":"Livres en folie&nbsp;: Une fiert\u00e9 litt\u00e9raire au rendez-vous&nbsp;","author":"Jane Bendjine Achille","date":"August 19, 2024","format":false,"excerpt":"Livres en folie est \u00e0 priori le rendez-vous annuel par excellence du lectorat ha\u00eftien. Organis\u00e9 par le nouvelliste et la Unibank le jeudi 15 ao\u00fbt 2024 \u00e0 l\u2019h\u00f4tel Karibe, au moins un millier\u00a0de\u00a0personnes ont fait le d\u00e9placement pour prendre part \u00e0 la signature de 1079 titres de 84 auteurs\u00a0\u00e0\u00a0cette trenti\u00e8me\u2026","rel":"","context":"In &quot;CULTURE&quot;","block_context":{"text":"CULTURE","link":"https:\/\/yogannmagazine.com\/ht\/category\/culture\/"},"img":{"alt_text":"","src":"","width":0,"height":0},"classes":[]},{"id":2887,"url":"https:\/\/yogannmagazine.com\/ht\/25\/abigail-alexandre-triomphe-a-la-9e-edition-deloquentia-paris-2026\/","url_meta":{"origin":2871,"position":3},"title":"Abigail Alexandre triomphe \u00e0 la 9e \u00e9dition d\u2019Eloquentia Paris 2026","author":"Alexandre Jackson","date":"March 25, 2026","format":false,"excerpt":"Selon les membres du jury, la laur\u00e9ate s\u2019est distingu\u00e9e par \u00ab une \u00e9loquence authentique, une pens\u00e9e structur\u00e9e et une capacit\u00e9 rare \u00e0 captiver l\u2019auditoire \u00bb. Sa prestation, salu\u00e9e par une ovation, a d\u00e9montr\u00e9 non seulement son talent individuel, mais aussi la richesse intellectuelle et culturelle de la jeunesse ha\u00eftienne.","rel":"","context":"In &quot;Litt\u00e9rature&quot;","block_context":{"text":"Litt\u00e9rature","link":"https:\/\/yogannmagazine.com\/ht\/category\/culture\/litterature\/"},"img":{"alt_text":"","src":"https:\/\/i0.wp.com\/yogannmagazine.com\/wp-content\/uploads\/2026\/03\/aaff28cd-2c0e-4df6-8017-c762ec1da6a6.jpg?fit=1200%2C785&ssl=1&resize=350%2C200","width":350,"height":200,"srcset":"https:\/\/i0.wp.com\/yogannmagazine.com\/wp-content\/uploads\/2026\/03\/aaff28cd-2c0e-4df6-8017-c762ec1da6a6.jpg?fit=1200%2C785&ssl=1&resize=350%2C200 1x, https:\/\/i0.wp.com\/yogannmagazine.com\/wp-content\/uploads\/2026\/03\/aaff28cd-2c0e-4df6-8017-c762ec1da6a6.jpg?fit=1200%2C785&ssl=1&resize=525%2C300 1.5x, https:\/\/i0.wp.com\/yogannmagazine.com\/wp-content\/uploads\/2026\/03\/aaff28cd-2c0e-4df6-8017-c762ec1da6a6.jpg?fit=1200%2C785&ssl=1&resize=700%2C400 2x, https:\/\/i0.wp.com\/yogannmagazine.com\/wp-content\/uploads\/2026\/03\/aaff28cd-2c0e-4df6-8017-c762ec1da6a6.jpg?fit=1200%2C785&ssl=1&resize=1050%2C600 3x"},"classes":[]},{"id":2339,"url":"https:\/\/yogannmagazine.com\/ht\/24\/la-complication-des-haitiens-en-republique-dominicaine-face-aux-exigences-migratoires\/","url_meta":{"origin":2871,"position":4},"title":"La complication des Ha\u00eftiens en R\u00e9publique Dominicaine face aux exigences migratoires","author":"Trotsky Pierre Benoit","date":"December 24, 2025","format":false,"excerpt":"La complication des Ha\u00eftiens en R\u00e9publique Dominicaine face aux exigences migratoires La question migratoire ha\u00eftienne en R\u00e9publique Dominicaine n\u2019est pas seulement un probl\u00e8me administratif ; c\u2019est avant tout une question humaine.","rel":"","context":"In &quot;Actualit\u00e9s&quot;","block_context":{"text":"Actualit\u00e9s","link":"https:\/\/yogannmagazine.com\/ht\/category\/actualites\/"},"img":{"alt_text":"","src":"https:\/\/i0.wp.com\/yogannmagazine.com\/wp-content\/uploads\/2025\/12\/c7046e82-0f1e-45b1-84d5-77f056df3dd4.jpg?resize=350%2C200&ssl=1","width":350,"height":200,"srcset":"https:\/\/i0.wp.com\/yogannmagazine.com\/wp-content\/uploads\/2025\/12\/c7046e82-0f1e-45b1-84d5-77f056df3dd4.jpg?resize=350%2C200&ssl=1 1x, https:\/\/i0.wp.com\/yogannmagazine.com\/wp-content\/uploads\/2025\/12\/c7046e82-0f1e-45b1-84d5-77f056df3dd4.jpg?resize=525%2C300&ssl=1 1.5x, https:\/\/i0.wp.com\/yogannmagazine.com\/wp-content\/uploads\/2025\/12\/c7046e82-0f1e-45b1-84d5-77f056df3dd4.jpg?resize=700%2C400&ssl=1 2x, https:\/\/i0.wp.com\/yogannmagazine.com\/wp-content\/uploads\/2025\/12\/c7046e82-0f1e-45b1-84d5-77f056df3dd4.jpg?resize=1050%2C600&ssl=1 3x"},"classes":[]},{"id":2947,"url":"https:\/\/yogannmagazine.com\/ht\/16\/expulsion-de-reginald-boulos-un-signal-fort-des-etats-unis-et-des-questions-pour-la-justice-haitienne\/","url_meta":{"origin":2871,"position":5},"title":"Expulsion de Reginald Boulos : un signal fort des \u00c9tats-Unis et des questions pour la justice ha\u00eftienne","author":"Jouvens Guelord","date":"April 16, 2026","format":false,"excerpt":"Mais au-del\u00e0 de l\u2019annonce, une question centrale se pose : que pourrait-il arriver \u00e0 Reginald Boulos face \u00e0 la justice ha\u00eftienne ? Il est important de rappeler qu\u2019une expulsion des \u00c9tats-Unis est avant tout une mesure administrative, et non une condamnation judiciaire. Elle peut \u00eatre motiv\u00e9e par des consid\u00e9rations de\u2026","rel":"","context":"In &quot;Actualit\u00e9s&quot;","block_context":{"text":"Actualit\u00e9s","link":"https:\/\/yogannmagazine.com\/ht\/category\/actualites\/"},"img":{"alt_text":"","src":"https:\/\/i0.wp.com\/yogannmagazine.com\/wp-content\/uploads\/2026\/04\/img_4783.jpg?resize=350%2C200&ssl=1","width":350,"height":200,"srcset":"https:\/\/i0.wp.com\/yogannmagazine.com\/wp-content\/uploads\/2026\/04\/img_4783.jpg?resize=350%2C200&ssl=1 1x, https:\/\/i0.wp.com\/yogannmagazine.com\/wp-content\/uploads\/2026\/04\/img_4783.jpg?resize=525%2C300&ssl=1 1.5x, https:\/\/i0.wp.com\/yogannmagazine.com\/wp-content\/uploads\/2026\/04\/img_4783.jpg?resize=700%2C400&ssl=1 2x"},"classes":[]}],"jetpack_shortlink":"https:\/\/wp.me\/pcBeFB-Kj","brizy_media":[],"_links":{"self":[{"href":"https:\/\/yogannmagazine.com\/ht\/wp-json\/wp\/v2\/posts\/2871","targetHints":{"allow":["GET"]}}],"collection":[{"href":"https:\/\/yogannmagazine.com\/ht\/wp-json\/wp\/v2\/posts"}],"about":[{"href":"https:\/\/yogannmagazine.com\/ht\/wp-json\/wp\/v2\/types\/post"}],"author":[{"embeddable":true,"href":"https:\/\/yogannmagazine.com\/ht\/wp-json\/wp\/v2\/users\/19"}],"replies":[{"embeddable":true,"href":"https:\/\/yogannmagazine.com\/ht\/wp-json\/wp\/v2\/comments?post=2871"}],"version-history":[{"count":3,"href":"https:\/\/yogannmagazine.com\/ht\/wp-json\/wp\/v2\/posts\/2871\/revisions"}],"predecessor-version":[{"id":2879,"href":"https:\/\/yogannmagazine.com\/ht\/wp-json\/wp\/v2\/posts\/2871\/revisions\/2879"}],"wp:featuredmedia":[{"embeddable":true,"href":"https:\/\/yogannmagazine.com\/ht\/wp-json\/wp\/v2\/media\/2870"}],"wp:attachment":[{"href":"https:\/\/yogannmagazine.com\/ht\/wp-json\/wp\/v2\/media?parent=2871"}],"wp:term":[{"taxonomy":"category","embeddable":true,"href":"https:\/\/yogannmagazine.com\/ht\/wp-json\/wp\/v2\/categories?post=2871"},{"taxonomy":"post_tag","embeddable":true,"href":"https:\/\/yogannmagazine.com\/ht\/wp-json\/wp\/v2\/tags?post=2871"}],"curies":[{"name":"wp","href":"https:\/\/api.w.org\/{rel}","templated":true}]}}