{"id":2867,"date":"2026-03-12T22:50:44","date_gmt":"2026-03-13T02:50:44","guid":{"rendered":"https:\/\/yogannmagazine.com\/?p=2867"},"modified":"2026-03-12T22:50:44","modified_gmt":"2026-03-13T02:50:44","slug":"demission-du-commissaire-du-gouvernement-jean-ernst-muscadin-incertitudes-au-parquet-de-miragoane","status":"publish","type":"post","link":"https:\/\/yogannmagazine.com\/ht\/12\/demission-du-commissaire-du-gouvernement-jean-ernst-muscadin-incertitudes-au-parquet-de-miragoane\/","title":{"rendered":"D\u00e9mission du commissaire du gouvernement Jean Ernst Muscadin : incertitudes au parquet de Mirago\u00e2ne."},"content":{"rendered":"<p class=\"wp-block-paragraph\"><br>Mirago\u00e2ne, Ha\u00efti Le commissaire du gouvernement pr\u00e8s le tribunal de premi\u00e8re instance de Mirago\u00e2ne, Jean Ernst Muscadin, a officiellement pr\u00e9sent\u00e9 sa d\u00e9mission, mettant fin \u00e0 plusieurs ann\u00e9es \u00e0 la t\u00eate du parquet dans le d\u00e9partement des Nippes. Cette d\u00e9cision, inattendue pour de nombreux observateurs, ouvre une p\u00e9riode d\u2019incertitude quant \u00e0 l\u2019avenir de cette juridiction strat\u00e9gique dans la lutte contre l\u2019ins\u00e9curit\u00e9.<\/p>\n\n\n\n<p class=\"wp-block-paragraph\"><br>Magistrat connu pour sa fermet\u00e9 et son engagement dans la lutte contre les groupes arm\u00e9s, Ernst Muscadin s\u2019\u00e9tait impos\u00e9 comme l\u2019une des figures les plus visibles de l\u2019action judiciaire dans la r\u00e9gion. Son passage au parquet de Mirago\u00e2ne aura \u00e9t\u00e9 marqu\u00e9 par une s\u00e9rie d\u2019initiatives visant \u00e0 combattre l\u2019expansion des gangs et \u00e0 renforcer l\u2019autorit\u00e9 de l\u2019\u00c9tat dans un contexte national particuli\u00e8rement fragile.<\/p>\n\n\n\n<p class=\"wp-block-paragraph\">En poste depuis plusieurs ann\u00e9es, notamment avant l\u2019assassinat du pr\u00e9sident ha\u00eftien Jovenel Mo\u00efse, le commissaire Muscadin avait adopt\u00e9 une approche r\u00e9solument offensive face aux r\u00e9seaux criminels op\u00e9rant dans certaines zones du d\u00e9partement des Nippes. Ses interventions, parfois spectaculaires, lui avaient valu \u00e0 la fois le soutien d\u2019une partie de la population locale et des critiques \u00e9manant de certains secteurs de la soci\u00e9t\u00e9 civile et du monde juridique.<\/p>\n\n\n\n<p class=\"wp-block-paragraph\"><br>Une d\u00e9mission aux motifs encore flous<br>Dans la lettre adress\u00e9e aux autorit\u00e9s comp\u00e9tentes, le magistrat \u00e9voque des raisons professionnelles pour justifier sa d\u00e9cision de quitter ses fonctions. Toutefois, aucun d\u00e9tail suppl\u00e9mentaire n\u2019a \u00e9t\u00e9 rendu public concernant les circonstances pr\u00e9cises ayant conduit \u00e0 ce d\u00e9part. Cette absence d\u2019explications nourrit les interrogations au sein de l\u2019opinion publique, d\u2019autant plus que le commissaire Muscadin \u00e9tait consid\u00e9r\u00e9 comme un acteur central de la lutte contre la criminalit\u00e9 dans la r\u00e9gion.<\/p>\n\n\n\n<p class=\"wp-block-paragraph\">Quel avenir pour le parquet de Mirago\u00e2ne ?<br \/>La d\u00e9mission d\u2019Ernst Muscadin pose d\u00e9sormais la question de la continuit\u00e9 des actions judiciaires engag\u00e9es sous son autorit\u00e9. Le parquet de Mirago\u00e2ne, qui joue un r\u00f4le essentiel dans la coordination des poursuites et la gestion des affaires p\u00e9nales dans le d\u00e9partement des Nippes, pourrait conna\u00eetre une phase de transition avant la nomination d\u2019un nouveau commissaire du gouvernement.<br \/>Plusieurs observateurs estiment que ce d\u00e9part pourrait avoir des r\u00e9percussions sur l\u2019\u00e9quilibre s\u00e9curitaire de la r\u00e9gion, notamment dans un contexte o\u00f9 les institutions judiciaires et polici\u00e8res restent confront\u00e9es \u00e0 d\u2019importants d\u00e9fis.<\/p>\n\n\n\n<p class=\"wp-block-paragraph\">En attendant l\u2019annonce officielle d\u2019un successeur, cette d\u00e9mission marque la fin d\u2019un chapitre important pour la justice dans les Nippes et soul\u00e8ve une interrogation majeure : la juridiction de Mirago\u00e2ne parviendra-t-elle \u00e0 maintenir la m\u00eame dynamique dans la lutte contre l\u2019ins\u00e9curit\u00e9 ?<br \/>Dans un pays confront\u00e9 \u00e0 une crise institutionnelle et s\u00e9curitaire persistante, le d\u00e9part d\u2019une figure aussi embl\u00e9matique du parquet local rappelle les fragilit\u00e9s qui continuent de peser sur le syst\u00e8me judiciaire ha\u00eftien.<\/p>","protected":false},"excerpt":{"rendered":"<p>Mirago\u00e2ne, Ha\u00efti Le commissaire du gouvernement pr\u00e8s le tribunal de premi\u00e8re instance de Mirago\u00e2ne, Jean Ernst Muscadin, a officiellement pr\u00e9sent\u00e9 sa d\u00e9mission, mettant fin \u00e0 plusieurs ann\u00e9es \u00e0 la t\u00eate&hellip; <\/p>","protected":false},"author":16,"featured_media":2868,"comment_status":"open","ping_status":"open","sticky":false,"template":"","format":"standard","meta":{"googlesitekit_rrm_CAowqciiDA:productID":"","_gspb_post_css":"","_crdt_document":"","_uag_custom_page_level_css":"","jetpack_post_was_ever_published":false,"_jetpack_newsletter_access":"","_jetpack_dont_email_post_to_subs":false,"_jetpack_newsletter_tier_id":0,"_jetpack_memberships_contains_paywalled_content":false,"_jetpack_memberships_contains_paid_content":false,"footnotes":"","jetpack_publicize_message":"D\u00e9mission du commissaire du gouvernement Ernst Muscadin : incertitudes au parquet de Mirago\u00e2ne.","jetpack_publicize_feature_enabled":true,"jetpack_social_post_already_shared":true,"jetpack_social_options":{"image_generator_settings":{"template":"highway","default_image_id":0,"font":"","enabled":false},"version":2}},"categories":[7,142],"tags":[],"class_list":["post-2867","post","type-post","status-publish","format-standard","has-post-thumbnail","hentry","category-actualites","category-politique"],"jetpack_publicize_connections":[],"jetpack_featured_media_url":"https:\/\/yogannmagazine.com\/wp-content\/uploads\/2026\/03\/img_4142.jpg","uagb_featured_image_src":{"full":["https:\/\/yogannmagazine.com\/wp-content\/uploads\/2026\/03\/img_4142.jpg",720,894,false],"thumbnail":["https:\/\/yogannmagazine.com\/wp-content\/uploads\/2026\/03\/img_4142-150x150.jpg",150,150,true],"medium":["https:\/\/yogannmagazine.com\/wp-content\/uploads\/2026\/03\/img_4142-242x300.jpg",242,300,true],"medium_large":["https:\/\/yogannmagazine.com\/wp-content\/uploads\/2026\/03\/img_4142.jpg",720,894,false],"large":["https:\/\/yogannmagazine.com\/wp-content\/uploads\/2026\/03\/img_4142.jpg",720,894,false],"1536x1536":["https:\/\/yogannmagazine.com\/wp-content\/uploads\/2026\/03\/img_4142.jpg",720,894,false],"2048x2048":["https:\/\/yogannmagazine.com\/wp-content\/uploads\/2026\/03\/img_4142.jpg",720,894,false],"trp-custom-language-flag":["https:\/\/yogannmagazine.com\/wp-content\/uploads\/2026\/03\/img_4142-10x12.jpg",10,12,true]},"uagb_author_info":{"display_name":"Alexandre Jackson","author_link":"https:\/\/yogannmagazine.com\/ht\/author\/alexandrejackson2000\/"},"uagb_comment_info":0,"uagb_excerpt":"Mirago\u00e2ne, Ha\u00efti Le commissaire du gouvernement pr\u00e8s le tribunal de premi\u00e8re instance de Mirago\u00e2ne, Jean Ernst Muscadin, a officiellement pr\u00e9sent\u00e9 sa d\u00e9mission, mettant fin \u00e0 plusieurs ann\u00e9es \u00e0 la t\u00eate&hellip;","jetpack_sharing_enabled":true,"jetpack-related-posts":[{"id":2877,"url":"https:\/\/yogannmagazine.com\/ht\/18\/la-revocation-de-jacques-ader-directeur-departemental-de-louest-ddo\/","url_meta":{"origin":2867,"position":0},"title":"La r\u00e9vocation de Jacques Ader, directeur d\u00e9partemental de l\u2019Ouest (DDO),","author":"Alexandre Jackson","date":"March 18, 2026","format":false,"excerpt":"Au-del\u00e0 des consid\u00e9rations administratives, cette r\u00e9vocation soul\u00e8ve une question centrale : la lutte contre le banditisme peut-elle \u00eatre efficace sans un soutien clair et constant aux agents engag\u00e9s sur le terrain ? Pour de nombreux observateurs, la r\u00e9ponse \u00e0 cette interrogation d\u00e9terminera en grande partie la cr\u00e9dibilit\u00e9 des autorit\u00e9s dans\u2026","rel":"","context":"In &quot;National&quot;","block_context":{"text":"National","link":"https:\/\/yogannmagazine.com\/ht\/category\/actualites\/national\/"},"img":{"alt_text":"","src":"https:\/\/i0.wp.com\/yogannmagazine.com\/wp-content\/uploads\/2026\/03\/img_4241.jpg?fit=1200%2C831&ssl=1&resize=350%2C200","width":350,"height":200,"srcset":"https:\/\/i0.wp.com\/yogannmagazine.com\/wp-content\/uploads\/2026\/03\/img_4241.jpg?fit=1200%2C831&ssl=1&resize=350%2C200 1x, https:\/\/i0.wp.com\/yogannmagazine.com\/wp-content\/uploads\/2026\/03\/img_4241.jpg?fit=1200%2C831&ssl=1&resize=525%2C300 1.5x, https:\/\/i0.wp.com\/yogannmagazine.com\/wp-content\/uploads\/2026\/03\/img_4241.jpg?fit=1200%2C831&ssl=1&resize=700%2C400 2x, https:\/\/i0.wp.com\/yogannmagazine.com\/wp-content\/uploads\/2026\/03\/img_4241.jpg?fit=1200%2C831&ssl=1&resize=1050%2C600 3x"},"classes":[]},{"id":2477,"url":"https:\/\/yogannmagazine.com\/ht\/23\/haiti-securite-la-35e-promotion-de-la-pnh-quitte-lecole-nationale-de-police-dans-un-contexte-de-crise-politique\/","url_meta":{"origin":2867,"position":1},"title":"Ha\u00efti, S\u00e9curit\u00e9 : la 35e promotion de la PNH quitte l\u2019\u00c9cole nationale de police dans un contexte de crise politique","author":"Alexandre Jackson","date":"January 23, 2026","format":false,"excerpt":"Port-au-Prince, 23 janvierEn d\u00e9pit d\u2019un climat politique tendu marqu\u00e9 par les d\u00e9saccords persistants entre le Premier ministre et le Conseil pr\u00e9sidentiel de transition (CPT), les institutions r\u00e9galiennes poursuivent tant bien que mal leur mission. Ce vandredi 23 janvier, la Police nationale d\u2019Ha\u00efti (PNH) a franchi une \u00e9tape importante avec la\u2026","rel":"","context":"In &quot;Actualit\u00e9s&quot;","block_context":{"text":"Actualit\u00e9s","link":"https:\/\/yogannmagazine.com\/ht\/category\/actualites\/"},"img":{"alt_text":"","src":"https:\/\/i0.wp.com\/yogannmagazine.com\/wp-content\/uploads\/2026\/01\/img_2872.jpg?fit=1200%2C900&ssl=1&resize=350%2C200","width":350,"height":200,"srcset":"https:\/\/i0.wp.com\/yogannmagazine.com\/wp-content\/uploads\/2026\/01\/img_2872.jpg?fit=1200%2C900&ssl=1&resize=350%2C200 1x, https:\/\/i0.wp.com\/yogannmagazine.com\/wp-content\/uploads\/2026\/01\/img_2872.jpg?fit=1200%2C900&ssl=1&resize=525%2C300 1.5x, https:\/\/i0.wp.com\/yogannmagazine.com\/wp-content\/uploads\/2026\/01\/img_2872.jpg?fit=1200%2C900&ssl=1&resize=700%2C400 2x, https:\/\/i0.wp.com\/yogannmagazine.com\/wp-content\/uploads\/2026\/01\/img_2872.jpg?fit=1200%2C900&ssl=1&resize=1050%2C600 3x"},"classes":[]},{"id":2633,"url":"https:\/\/yogannmagazine.com\/ht\/05\/la-pnh-recoit-trois-nouveaux-chars-blindes-pour-renforcer-la-lutte-contre-les-groupes-armes\/","url_meta":{"origin":2867,"position":2},"title":"La PNH re\u00e7oit trois nouveaux chars blind\u00e9s pour renforcer la lutte contre les groupes arm\u00e9s.","author":"Alexandre Jackson","date":"February 5, 2026","format":false,"excerpt":"La Police nationale d\u2019Ha\u00efti (PNH) a re\u00e7u, ce jeudi, au moins cinq nouveaux chars blind\u00e9s, plus pr\u00e9cis\u00e9ment des chars d\u2019assaut, destin\u00e9s \u00e0 renforcer ses capacit\u00e9s op\u00e9rationnelles dans la lutte contre les groupes arm\u00e9s qui terrorisent la population dans plusieurs zones du pays.","rel":"","context":"In &quot;Actualit\u00e9s&quot;","block_context":{"text":"Actualit\u00e9s","link":"https:\/\/yogannmagazine.com\/ht\/category\/actualites\/"},"img":{"alt_text":"","src":"https:\/\/i0.wp.com\/yogannmagazine.com\/wp-content\/uploads\/2026\/02\/37ddd47b-56e9-43d2-a5de-694d9cdeacb3.jpg?resize=350%2C200&ssl=1","width":350,"height":200,"srcset":"https:\/\/i0.wp.com\/yogannmagazine.com\/wp-content\/uploads\/2026\/02\/37ddd47b-56e9-43d2-a5de-694d9cdeacb3.jpg?resize=350%2C200&ssl=1 1x, https:\/\/i0.wp.com\/yogannmagazine.com\/wp-content\/uploads\/2026\/02\/37ddd47b-56e9-43d2-a5de-694d9cdeacb3.jpg?resize=525%2C300&ssl=1 1.5x"},"classes":[]},{"id":2581,"url":"https:\/\/yogannmagazine.com\/ht\/03\/haiti-justice-lancien-dg-de-la-television-nationale-devant-son-juge\/","url_meta":{"origin":2867,"position":3},"title":"Ha\u00efti,&nbsp;Justice : l\u2019ancien DG de la T\u00e9l\u00e9vision Nationale devant son juge","author":"Alexandre Jackson","date":"February 3, 2026","format":false,"excerpt":"L\u2019ancien directeur g\u00e9n\u00e9ral de la T\u00e9l\u00e9vision nationale d\u2019Ha\u00efti (TNH), Gamal Augustin, a \u00e9t\u00e9 pr\u00e9sent\u00e9 ce jour devant son juge naturel, apr\u00e8s plusieurs mois de d\u00e9tention pr\u00e9ventive. Cette comparution intervient dans le cadre d\u2019un dossier de corruption pr\u00e9sum\u00e9e, largement document\u00e9 dans un rapport de l\u2019Unit\u00e9 de Lutte Contre la Corruption (ULCC).","rel":"","context":"In &quot;Actualit\u00e9s&quot;","block_context":{"text":"Actualit\u00e9s","link":"https:\/\/yogannmagazine.com\/ht\/category\/actualites\/"},"img":{"alt_text":"","src":"https:\/\/i0.wp.com\/yogannmagazine.com\/wp-content\/uploads\/2026\/02\/img_3165-2.jpg?resize=350%2C200&ssl=1","width":350,"height":200,"srcset":"https:\/\/i0.wp.com\/yogannmagazine.com\/wp-content\/uploads\/2026\/02\/img_3165-2.jpg?resize=350%2C200&ssl=1 1x, https:\/\/i0.wp.com\/yogannmagazine.com\/wp-content\/uploads\/2026\/02\/img_3165-2.jpg?resize=525%2C300&ssl=1 1.5x"},"classes":[]},{"id":2841,"url":"https:\/\/yogannmagazine.com\/ht\/05\/l-espagne-refuse-aux-etats-unis-lusage-de-son-territoire-pour-frapper-liran\/","url_meta":{"origin":2867,"position":4},"title":"&#8221; L \u2019Espagne refuse aux \u00c9tats-Unis l\u2019usage de son territoire pour frapper l\u2019Iran&#8221;","author":"Destin\u00e9 Jeff Stanley","date":"March 5, 2026","format":false,"excerpt":"Le gouvernement espagnol a officiellement interdit aux \u00c9tats-Unis l\u2019utilisation de bases militaires situ\u00e9es sur le sol espagnol pour des op\u00e9rations offensives contre l\u2019Iran, dans un contexte de conflit croissant au Moyen-Orient.","rel":"","context":"In &quot;Actualit\u00e9s&quot;","block_context":{"text":"Actualit\u00e9s","link":"https:\/\/yogannmagazine.com\/ht\/category\/actualites\/"},"img":{"alt_text":"","src":"https:\/\/i0.wp.com\/yogannmagazine.com\/wp-content\/uploads\/2026\/03\/img_4009.jpg?resize=350%2C200&ssl=1","width":350,"height":200,"srcset":"https:\/\/i0.wp.com\/yogannmagazine.com\/wp-content\/uploads\/2026\/03\/img_4009.jpg?resize=350%2C200&ssl=1 1x, https:\/\/i0.wp.com\/yogannmagazine.com\/wp-content\/uploads\/2026\/03\/img_4009.jpg?resize=525%2C300&ssl=1 1.5x, https:\/\/i0.wp.com\/yogannmagazine.com\/wp-content\/uploads\/2026\/03\/img_4009.jpg?resize=700%2C400&ssl=1 2x"},"classes":[]},{"id":2498,"url":"https:\/\/yogannmagazine.com\/ht\/24\/saison-rara-2026-a-leogane-entre-incertitudes-declarations-officielles-et-decisions-des-bandes\/","url_meta":{"origin":2867,"position":5},"title":"Saison rara 2026 \u00e0 L\u00e9ogane : entre incertitudes, d\u00e9clarations officielles et d\u00e9cisions des bandes","author":"Jouvens Guelord","date":"January 24, 2026","format":false,"excerpt":"Alors que certaines bandes de rara ont d\u00e9j\u00e0 entam\u00e9 leurs recrutements et r\u00e9p\u00e9titions, l\u2019absence d\u2019une position officielle claire de la mairie entretient le doute autour du d\u00e9roulement de la saison cette ann\u00e9e. \u00c0 l\u2019approche de la saison rara, les bandes de L\u00e9ogane \u00e9voluent dans un climat d\u2019incertitude. Si certaines ont\u2026","rel":"","context":"In &quot;CULTURE&quot;","block_context":{"text":"CULTURE","link":"https:\/\/yogannmagazine.com\/ht\/category\/culture\/"},"img":{"alt_text":"","src":"https:\/\/i0.wp.com\/yogannmagazine.com\/wp-content\/uploads\/2026\/01\/img_2925.jpg?fit=1200%2C800&ssl=1&resize=350%2C200","width":350,"height":200,"srcset":"https:\/\/i0.wp.com\/yogannmagazine.com\/wp-content\/uploads\/2026\/01\/img_2925.jpg?fit=1200%2C800&ssl=1&resize=350%2C200 1x, https:\/\/i0.wp.com\/yogannmagazine.com\/wp-content\/uploads\/2026\/01\/img_2925.jpg?fit=1200%2C800&ssl=1&resize=525%2C300 1.5x, https:\/\/i0.wp.com\/yogannmagazine.com\/wp-content\/uploads\/2026\/01\/img_2925.jpg?fit=1200%2C800&ssl=1&resize=700%2C400 2x, https:\/\/i0.wp.com\/yogannmagazine.com\/wp-content\/uploads\/2026\/01\/img_2925.jpg?fit=1200%2C800&ssl=1&resize=1050%2C600 3x"},"classes":[]}],"jetpack_shortlink":"https:\/\/wp.me\/pcBeFB-Kf","brizy_media":[],"_links":{"self":[{"href":"https:\/\/yogannmagazine.com\/ht\/wp-json\/wp\/v2\/posts\/2867","targetHints":{"allow":["GET"]}}],"collection":[{"href":"https:\/\/yogannmagazine.com\/ht\/wp-json\/wp\/v2\/posts"}],"about":[{"href":"https:\/\/yogannmagazine.com\/ht\/wp-json\/wp\/v2\/types\/post"}],"author":[{"embeddable":true,"href":"https:\/\/yogannmagazine.com\/ht\/wp-json\/wp\/v2\/users\/16"}],"replies":[{"embeddable":true,"href":"https:\/\/yogannmagazine.com\/ht\/wp-json\/wp\/v2\/comments?post=2867"}],"version-history":[{"count":1,"href":"https:\/\/yogannmagazine.com\/ht\/wp-json\/wp\/v2\/posts\/2867\/revisions"}],"predecessor-version":[{"id":2869,"href":"https:\/\/yogannmagazine.com\/ht\/wp-json\/wp\/v2\/posts\/2867\/revisions\/2869"}],"wp:featuredmedia":[{"embeddable":true,"href":"https:\/\/yogannmagazine.com\/ht\/wp-json\/wp\/v2\/media\/2868"}],"wp:attachment":[{"href":"https:\/\/yogannmagazine.com\/ht\/wp-json\/wp\/v2\/media?parent=2867"}],"wp:term":[{"taxonomy":"category","embeddable":true,"href":"https:\/\/yogannmagazine.com\/ht\/wp-json\/wp\/v2\/categories?post=2867"},{"taxonomy":"post_tag","embeddable":true,"href":"https:\/\/yogannmagazine.com\/ht\/wp-json\/wp\/v2\/tags?post=2867"}],"curies":[{"name":"wp","href":"https:\/\/api.w.org\/{rel}","templated":true}]}}